{"id":219,"date":"2019-07-24T12:01:29","date_gmt":"2019-07-24T15:01:29","guid":{"rendered":"https:\/\/blogs.correiobraziliense.com.br\/4elementos\/?p=219"},"modified":"2019-07-24T12:01:29","modified_gmt":"2019-07-24T15:01:29","slug":"fomento-ao-desenvolvimento-sustentavel-e-tema-de-seminario-no-df","status":"publish","type":"post","link":"https:\/\/blogs.correiobraziliense.com.br\/4elementos\/2019\/07\/24\/fomento-ao-desenvolvimento-sustentavel-e-tema-de-seminario-no-df\/","title":{"rendered":"Fomento ao desenvolvimento sustent\u00e1vel \u00e9 tema de semin\u00e1rio no DF"},"content":{"rendered":"<p>O Distrito Federal ser\u00e1 sede de evento sobre o papel das institui\u00e7\u00f5es de fomento na busca por superar os desafios contempor\u00e2neos e encontrar solu\u00e7\u00f5es para transformar o Brasil em uma na\u00e7\u00e3o comprometida com a causa ambiental e com o desenvolvimento sustent\u00e1vel econ\u00f4mico e social.<\/p>\n<p>Realizado pela Associa\u00e7\u00e3o Brasileira de Desenvolvimento (ABDE) e pelo WWF Brasil, com apoio do Banco Cooperativo do Brasil (Bancoob) e do Pacto em Defesa das Cabeceiras do Pantanal, o 2\u00ba ciclo dos Semin\u00e1rios Regionais, edi\u00e7\u00e3o Centro-Oeste, ser\u00e1 realizado no dia 31 de julho, na sede do Bancoob.<\/p>\n<figure id=\"attachment_220\" aria-describedby=\"caption-attachment-220\" style=\"width: 232px\" class=\"wp-caption alignleft\"><img loading=\"lazy\" decoding=\"async\" class=\"wp-image-220 \" src=\"https:\/\/blogs.correiobraziliense.com.br\/4elementos\/wp-content\/uploads\/sites\/53\/2019\/07\/WhatsApp-Image-2019-07-24-at-11.44.29-200x300.jpeg\" alt=\"\" width=\"232\" height=\"348\" srcset=\"https:\/\/blogs.correiobraziliense.com.br\/4elementos\/wp-content\/uploads\/sites\/53\/2019\/07\/WhatsApp-Image-2019-07-24-at-11.44.29-200x300.jpeg 200w, https:\/\/blogs.correiobraziliense.com.br\/4elementos\/wp-content\/uploads\/sites\/53\/2019\/07\/WhatsApp-Image-2019-07-24-at-11.44.29-768x1152.jpeg 768w, https:\/\/blogs.correiobraziliense.com.br\/4elementos\/wp-content\/uploads\/sites\/53\/2019\/07\/WhatsApp-Image-2019-07-24-at-11.44.29-682x1024.jpeg 682w, https:\/\/blogs.correiobraziliense.com.br\/4elementos\/wp-content\/uploads\/sites\/53\/2019\/07\/WhatsApp-Image-2019-07-24-at-11.44.29-550x825.jpeg 550w, https:\/\/blogs.correiobraziliense.com.br\/4elementos\/wp-content\/uploads\/sites\/53\/2019\/07\/WhatsApp-Image-2019-07-24-at-11.44.29-230x345.jpeg 230w, https:\/\/blogs.correiobraziliense.com.br\/4elementos\/wp-content\/uploads\/sites\/53\/2019\/07\/WhatsApp-Image-2019-07-24-at-11.44.29.jpeg 853w\" sizes=\"auto, (max-width: 232px) 100vw, 232px\" \/><figcaption id=\"caption-attachment-220\" class=\"wp-caption-text\"><strong>Perp\u00e9tuo Cajazeiras<\/strong><\/figcaption><\/figure>\n<p>\u201cA iniciativa da ABDE em parceria com o WWF Brasil \u00e9 de extrema import\u00e2ncia para entender as necessidades econ\u00f4micas de cada localidade e a fun\u00e7\u00e3o dos bancos de desenvolvimento, al\u00e9m de debater quest\u00f5es fundamentais relacionadas ao futuro sustent\u00e1vel\u201d, ressalta o presidente da ABDE, Perp\u00e9tuo Cajazeiras.<\/p>\n<p>&nbsp;<\/p>\n<h2><strong>Desafios globais<\/strong><\/h2>\n<p>O evento contar\u00e1 com v\u00e1rios especialistas. Na abertura, estar\u00e3o presentes o governador do Distrito Federal, Ibaneis Rocha, o diretor do Bancoob, Rubens Rodrigues, o diretor-executivo do WWF Brasil, Mauricio Voivodic, e Cajazeiras.<\/p>\n<p>As palestras v\u00e3o abordar temas como: os desafios globais do desenvolvimento sustent\u00e1vel; oportunidades de desenvolvimento no Centro-Oeste; o papel dos atores locais no desenvolvimento sustent\u00e1vel; e, potencialidades para a regi\u00e3o. Nos pain\u00e9is, ser\u00e3o debatidos o desenvolvimento produtivo sustent\u00e1vel, a infraestrutura log\u00edstica e energ\u00e9tica e finan\u00e7as sustent\u00e1veis.<\/p>\n<h2><\/h2>\n<h2 style=\"text-align: left\"><strong>Servi\u00e7o<\/strong><\/h2>\n<p style=\"text-align: left\"><strong>O qu\u00ea:<\/strong> 2\u00b0 Ciclo Semin\u00e1rios Regionais Centro-Oeste<\/p>\n<p style=\"text-align: left\"><strong>Quando:<\/strong> 31 de julho das 9h \u00e0s 18h<\/p>\n<p style=\"text-align: left\"><strong>Onde:<\/strong> Centro Cooperativo Sicoob &#8211; SIG, Quadra 06, Lote 2.080, Bras\u00edlia\/DF<\/p>\n<p style=\"text-align: left\"><strong>Inscri\u00e7\u00f5es<\/strong>:\u00a0<a href=\"http:\/\/abde.org.br\/inscricoes-abertas\/\"> http:\/\/abde.org.br\/inscricoes-abertas\/<\/a><\/p>\n","protected":false},"excerpt":{"rendered":"<p>O Distrito Federal ser\u00e1 sede de evento sobre o papel das institui\u00e7\u00f5es de fomento na busca por superar os desafios contempor\u00e2neos e encontrar solu\u00e7\u00f5es para transformar o Brasil em uma na\u00e7\u00e3o comprometida com a causa ambiental e com o desenvolvimento sustent\u00e1vel econ\u00f4mico e social. Realizado pela Associa\u00e7\u00e3o Brasileira de Desenvolvimento (ABDE) e pelo WWF Brasil, com apoio do Banco Cooperativo [&hellip;]<\/p>\n","protected":false},"author":114,"featured_media":0,"comment_status":"open","ping_status":"open","sticky":false,"template":"","format":"standard","meta":{"footnotes":""},"categories":[57,2],"tags":[4,61,63,7,59,51,60,58,62],"class_list":["post-219","post","type-post","status-publish","format-standard","hentry","category-desenvolvimento-sustentavel","category-sustentabilidade","tag-4elementos1planeta","tag-abde","tag-bancoob","tag-conscientizacao","tag-debate","tag-desenvolvimento-sustentavel","tag-df","tag-fomento","tag-wwf-brasil"],"_links":{"self":[{"href":"https:\/\/blogs.correiobraziliense.com.br\/4elementos\/wp-json\/wp\/v2\/posts\/219","targetHints":{"allow":["GET"]}}],"collection":[{"href":"https:\/\/blogs.correiobraziliense.com.br\/4elementos\/wp-json\/wp\/v2\/posts"}],"about":[{"href":"https:\/\/blogs.correiobraziliense.com.br\/4elementos\/wp-json\/wp\/v2\/types\/post"}],"author":[{"embeddable":true,"href":"https:\/\/blogs.correiobraziliense.com.br\/4elementos\/wp-json\/wp\/v2\/users\/114"}],"replies":[{"embeddable":true,"href":"https:\/\/blogs.correiobraziliense.com.br\/4elementos\/wp-json\/wp\/v2\/comments?post=219"}],"version-history":[{"count":6,"href":"https:\/\/blogs.correiobraziliense.com.br\/4elementos\/wp-json\/wp\/v2\/posts\/219\/revisions"}],"predecessor-version":[{"id":226,"href":"https:\/\/blogs.correiobraziliense.com.br\/4elementos\/wp-json\/wp\/v2\/posts\/219\/revisions\/226"}],"wp:attachment":[{"href":"https:\/\/blogs.correiobraziliense.com.br\/4elementos\/wp-json\/wp\/v2\/media?parent=219"}],"wp:term":[{"taxonomy":"category","embeddable":true,"href":"https:\/\/blogs.correiobraziliense.com.br\/4elementos\/wp-json\/wp\/v2\/categories?post=219"},{"taxonomy":"post_tag","embeddable":true,"href":"https:\/\/blogs.correiobraziliense.com.br\/4elementos\/wp-json\/wp\/v2\/tags?post=219"}],"curies":[{"name":"wp","href":"https:\/\/api.w.org\/{rel}","templated":true}]}}