{"id":1885,"date":"2021-02-18T17:19:14","date_gmt":"2021-02-18T20:19:14","guid":{"rendered":"https:\/\/blogs.correiobraziliense.com.br\/4elementos\/?p=1885"},"modified":"2021-02-18T17:19:14","modified_gmt":"2021-02-18T20:19:14","slug":"energia-eolica-chega-a-18-gw-de-capacidade-instalada-no-brasil","status":"publish","type":"post","link":"https:\/\/blogs.correiobraziliense.com.br\/4elementos\/2021\/02\/18\/energia-eolica-chega-a-18-gw-de-capacidade-instalada-no-brasil\/","title":{"rendered":"Energia e\u00f3lica chega a 18 GW de capacidade instalada no Brasil"},"content":{"rendered":"<h2><em>Dados de fevereiro de 2021 da Associa\u00e7\u00e3o Brasileira de Energia E\u00f3lica (ABEE\u00f3lica) mostram que o pa\u00eds j\u00e1 tem mais de 8,3 mil aerogeradores em 695 parques e\u00f3licos.<\/em><\/h2>\n<p><span style=\"font-weight: 400\">A energia e\u00f3lica acaba de atingir a marca de 18 gigawatts (GW) de capacidade instalada, em 695 parques e\u00f3licos e mais de 8,3 mil aerogeradores. Os dados foram divulgados nesta quinta-feira (18\/2), pela Associa\u00e7\u00e3o Brasileira de Energia E\u00f3lica (ABEE\u00f3lica), institui\u00e7\u00e3o que re\u00fane cerca de cem empresas da ind\u00fastria e\u00f3lica, incluindo f\u00e1bricas de aerogeradores, de p\u00e1s e\u00f3licas, operadoras de parques e\u00f3licos, investidores e diversos fornecedores da cadeia produtiva.<\/span><\/p>\n<p><span style=\"font-weight: 400\">\u00a0\u201cH\u00e1 exatos 10 anos, em 2011, t\u00ednhamos menos de 1 GW de capacidade instalada e c\u00e1 estamos comemorando 18 GW no in\u00edcio de 2021. \u00c9 um feito impressionante, fruto n\u00e3o apenas dos bons ventos brasileiros, mas tamb\u00e9m de uma ind\u00fastria que se dedicou a construir f\u00e1bricas, trazer e implantar novas tecnologias e que se tornou muito competitiva\u201d, explica Elbia Gannoum, presidente da ABEE\u00f3lica.\u00a0<\/span><\/p>\n<p><span style=\"font-weight: 400\">A e\u00f3lica \u00e9 a segunda fonte de gera\u00e7\u00e3o de energia el\u00e9trica no Brasil e, em dias de recorde, j\u00e1 chegou a atender at\u00e9 17% do pa\u00eds durante todo o dia. \u201cSe olharmos para o futuro, nossa previs\u00e3o \u00e9 que, at\u00e9 2024, considerando apenas os leil\u00f5es j\u00e1 realizados, teremos cerca de 28 GW. Estes s\u00e3o n\u00fameros que devem ser comemorados e podem ser ainda maiores, porque n\u00e3o captam completamente o bom desempenho do mercado livre, que vai se somando a esses valores conforme os novos contratos v\u00e3o sendo fechados. E temos que lembrar que de 2018 a 2020 o ACL foi respons\u00e1vel por uma maior contrata\u00e7\u00e3o que o ACR no caso de e\u00f3licas\u201d, detalha Elbia.<\/span><\/p>\n<p><img loading=\"lazy\" decoding=\"async\" class=\"alignnone wp-image-1886 size-large\" src=\"https:\/\/blogs.correiobraziliense.com.br\/4elementos\/wp-content\/uploads\/sites\/53\/2021\/02\/Ventos-Araripe-III-1024x667.jpg\" alt=\"\" width=\"1024\" height=\"667\" srcset=\"https:\/\/blogs.correiobraziliense.com.br\/4elementos\/wp-content\/uploads\/sites\/53\/2021\/02\/Ventos-Araripe-III-1024x667.jpg 1024w, https:\/\/blogs.correiobraziliense.com.br\/4elementos\/wp-content\/uploads\/sites\/53\/2021\/02\/Ventos-Araripe-III-300x195.jpg 300w, https:\/\/blogs.correiobraziliense.com.br\/4elementos\/wp-content\/uploads\/sites\/53\/2021\/02\/Ventos-Araripe-III-768x500.jpg 768w, https:\/\/blogs.correiobraziliense.com.br\/4elementos\/wp-content\/uploads\/sites\/53\/2021\/02\/Ventos-Araripe-III-1440x938.jpg 1440w, https:\/\/blogs.correiobraziliense.com.br\/4elementos\/wp-content\/uploads\/sites\/53\/2021\/02\/Ventos-Araripe-III-800x521.jpg 800w, https:\/\/blogs.correiobraziliense.com.br\/4elementos\/wp-content\/uploads\/sites\/53\/2021\/02\/Ventos-Araripe-III-550x358.jpg 550w, https:\/\/blogs.correiobraziliense.com.br\/4elementos\/wp-content\/uploads\/sites\/53\/2021\/02\/Ventos-Araripe-III-230x150.jpg 230w\" sizes=\"auto, (max-width: 1024px) 100vw, 1024px\" \/><\/p>\n<h3><\/h3>\n<h3><span style=\"font-weight: 400\">Retomada verde<\/span><\/h3>\n<p><span style=\"font-weight: 400\">\u201cNo que se refere \u00e0 novas contrata\u00e7\u00f5es, tenho recebido muitas perguntas sobre o impacto da pandemia no setor. \u00c9 claro que h\u00e1 um impacto, porque a queda de demanda foi grande e isso deve impactar os pr\u00f3ximos leil\u00f5es do mercado regulado, que tendem a ser menores. Temos, no entanto, que considerar que a e\u00f3lica est\u00e1 passando por um momento de expans\u00e3o no mercado livre e isso tende a fazer muita diferen\u00e7a para o setor, podendo equilibrar a falta de demanda no regulado. E, mesmo nos leil\u00f5es regulados, ainda que eles possam ser menores, sabemos que as e\u00f3licas tendem a ter um papel importante pela sua competitividade e pelo que sinaliza o PDE (Plano de Desenvolvimento Energ\u00e9rico) 2029\u201d, analisa Elbia.<\/span><\/p>\n<p><span style=\"font-weight: 400\">Durante a pandemia, tomou forma uma importante discuss\u00e3o que \u00e9 a necessidade de termos uma retomada verde da economia. O GWEC (Global Wind Energy Council), por exemplo, lan\u00e7ou o documento <\/span><i><span style=\"font-weight: 400\">Energia e\u00f3lica: um pilar para a recupera\u00e7\u00e3o da economia global &#8211; Reconstruindo melhor para o futuro<\/span><\/i><span style=\"font-weight: 400\">. O manifesto apresenta argumentos sobre o poder de investimento da e\u00f3lica, com cria\u00e7\u00e3o de empregos e efeitos positivos para as comunidades e para o desenvolvimento tecnol\u00f3gico. Al\u00e9m disso, o GWEC destaca a\u00e7\u00f5es que podem ser tomadas pelos governos para garantir que, no \u201cday after\u201d dessa pandemia, os esfor\u00e7os para reconstru\u00e7\u00e3o e retomada da economia possam acontecer de forma a contribuir para termos uma sociedade mais justa e sustent\u00e1vel.<\/span><\/p>\n<p><span style=\"font-weight: 400\">\u201cConsidero que esta seja uma discuss\u00e3o imprescind\u00edvel. A pandemia est\u00e1 abrindo ainda mais os olhos da humanidade para o inadi\u00e1vel combate ao aquecimento global. E, nesse processo, as fontes que n\u00e3o emitem gases de efeito estufa e apresentam benef\u00edcios sociais, econ\u00f4micos e ambientais, como \u00e9 o caso da e\u00f3lica, s\u00e3o nossa melhor aposta para quando chegar o momento da retomada econ\u00f4mica. No caso do Brasil, a boa not\u00edcia \u00e9 que temos como uma das suas principais vantagens comparativas em rela\u00e7\u00e3o a uma grande maioria dos pa\u00edses o fato de sermos uma pot\u00eancia energ\u00e9tica com uma grande diversidade de energias limpas e, no caso das e\u00f3licas, tem ainda o fato de que o Brasil possui um dos melhores ventos do mundo, o que significa energia muito competitiva\u201d, explica Elbia.<\/span><\/p>\n","protected":false},"excerpt":{"rendered":"<p>Dados de fevereiro de 2021 da Associa\u00e7\u00e3o Brasileira de Energia E\u00f3lica (ABEE\u00f3lica) mostram que o pa\u00eds j\u00e1 tem mais de 8,3 mil aerogeradores em 695 parques e\u00f3licos. A energia e\u00f3lica acaba de atingir a marca de 18 gigawatts (GW) de capacidade instalada, em 695 parques e\u00f3licos e mais de 8,3 mil aerogeradores. Os dados foram divulgados nesta quinta-feira (18\/2), pela [&hellip;]<\/p>\n","protected":false},"author":114,"featured_media":0,"comment_status":"open","ping_status":"open","sticky":false,"template":"","format":"standard","meta":{"footnotes":""},"categories":[34,2],"tags":[4,424,51,293,24,6],"class_list":["post-1885","post","type-post","status-publish","format-standard","hentry","category-energia","category-sustentabilidade","tag-4elementos1planeta","tag-abeeolica","tag-desenvolvimento-sustentavel","tag-energia-eolica","tag-energia-limpa","tag-meio-ambiente"],"_links":{"self":[{"href":"https:\/\/blogs.correiobraziliense.com.br\/4elementos\/wp-json\/wp\/v2\/posts\/1885","targetHints":{"allow":["GET"]}}],"collection":[{"href":"https:\/\/blogs.correiobraziliense.com.br\/4elementos\/wp-json\/wp\/v2\/posts"}],"about":[{"href":"https:\/\/blogs.correiobraziliense.com.br\/4elementos\/wp-json\/wp\/v2\/types\/post"}],"author":[{"embeddable":true,"href":"https:\/\/blogs.correiobraziliense.com.br\/4elementos\/wp-json\/wp\/v2\/users\/114"}],"replies":[{"embeddable":true,"href":"https:\/\/blogs.correiobraziliense.com.br\/4elementos\/wp-json\/wp\/v2\/comments?post=1885"}],"version-history":[{"count":2,"href":"https:\/\/blogs.correiobraziliense.com.br\/4elementos\/wp-json\/wp\/v2\/posts\/1885\/revisions"}],"predecessor-version":[{"id":1888,"href":"https:\/\/blogs.correiobraziliense.com.br\/4elementos\/wp-json\/wp\/v2\/posts\/1885\/revisions\/1888"}],"wp:attachment":[{"href":"https:\/\/blogs.correiobraziliense.com.br\/4elementos\/wp-json\/wp\/v2\/media?parent=1885"}],"wp:term":[{"taxonomy":"category","embeddable":true,"href":"https:\/\/blogs.correiobraziliense.com.br\/4elementos\/wp-json\/wp\/v2\/categories?post=1885"},{"taxonomy":"post_tag","embeddable":true,"href":"https:\/\/blogs.correiobraziliense.com.br\/4elementos\/wp-json\/wp\/v2\/tags?post=1885"}],"curies":[{"name":"wp","href":"https:\/\/api.w.org\/{rel}","templated":true}]}}