{"id":1804,"date":"2020-12-14T18:55:58","date_gmt":"2020-12-14T21:55:58","guid":{"rendered":"https:\/\/blogs.correiobraziliense.com.br\/4elementos\/?p=1804"},"modified":"2020-12-14T18:55:58","modified_gmt":"2020-12-14T21:55:58","slug":"cpt-lanca-revista-com-denuncias-sobre-uso-de-agrotoxicos-no-cerrado","status":"publish","type":"post","link":"https:\/\/blogs.correiobraziliense.com.br\/4elementos\/2020\/12\/14\/cpt-lanca-revista-com-denuncias-sobre-uso-de-agrotoxicos-no-cerrado\/","title":{"rendered":"CPT lan\u00e7a revista com den\u00fancias sobre uso de agrot\u00f3xicos no Cerrado"},"content":{"rendered":"<h2><em><span style=\"font-weight: 400\">A segunda edi\u00e7\u00e3o da Revista Cerrados, da Comiss\u00e3o Pastoral da Terra, aponta as manobras do agroneg\u00f3cio junto ao governo federal para flexibilizar as leis referentes a agrot\u00f3xicos no Brasil.<\/span><\/em><\/h2>\n<p><span style=\"font-weight: 400\">A Comiss\u00e3o Pastoral da Terra (CPT) lan\u00e7a, nesta ter\u00e7a-feira (15\/12), a segunda edi\u00e7\u00e3o da Revista Cerrado com den\u00fancias sobre o impacto do uso intenso de agrot\u00f3xicos na biodiversidade do\u00a0 Cerrado e nos territ\u00f3rios onde vivem seus povos. O agroneg\u00f3cio utiliza os pesticidas nas lavouras de soja, milho, cana-de-a\u00e7\u00facar, algod\u00e3o entre outras monoculturas.<\/span><\/p>\n<p><span style=\"font-weight: 400\">Dentre os dados preocupantes apontados pela revista, destaca-se que at\u00e9 agosto deste ano estava autorizada, pelo governo federal, a comercializa\u00e7\u00e3o de mais de 2,8 mil produtos agrot\u00f3xicos no Brasil. Desde o in\u00edcio de 2019, foram autorizados 745 novos venenos pela gest\u00e3o do presidente Jair Bolsonaro (sem partido).<\/span><\/p>\n<p><span style=\"font-weight: 400\">Os textos ainda relacionam o aumento do uso de agrot\u00f3xicos aos casos de intoxica\u00e7\u00e3o de pessoas nos estados que comp\u00f5em a chamada \u00faltima fronteira agr\u00edcola do Matopiba (acr\u00f4nimo dos estados do Maranh\u00e3o, Tocantins, Piau\u00ed e Bahia), bem como destrincham as diversas manobras do governo em dire\u00e7\u00e3o ao desmonte e flexibiliza\u00e7\u00e3o da legisla\u00e7\u00e3o referente a agrot\u00f3xicos no pa\u00eds.<\/span><\/p>\n<p><span style=\"font-weight: 400\">\u201cO objetivo da Revista Cerrados \u00e9 ser um espa\u00e7o de den\u00fancias das viol\u00eancias e destrui\u00e7\u00e3o da sociobiodiversidade do Cerrado, mas tamb\u00e9m ser um instrumento de informa\u00e7\u00e3o e forma\u00e7\u00e3o para comunidades, organiza\u00e7\u00f5es parceiras, pesquisadores e popula\u00e7\u00e3o em geral\u201d, afirma Val\u00e9ria Santos, membro da coordena\u00e7\u00e3o editorial da revista.<\/span><\/p>\n<p><img loading=\"lazy\" decoding=\"async\" class=\"alignnone size-full wp-image-1805\" src=\"https:\/\/blogs.correiobraziliense.com.br\/4elementos\/wp-content\/uploads\/sites\/53\/2020\/12\/unnamed.png\" alt=\"\" width=\"582\" height=\"752\" srcset=\"https:\/\/blogs.correiobraziliense.com.br\/4elementos\/wp-content\/uploads\/sites\/53\/2020\/12\/unnamed.png 582w, https:\/\/blogs.correiobraziliense.com.br\/4elementos\/wp-content\/uploads\/sites\/53\/2020\/12\/unnamed-232x300.png 232w, https:\/\/blogs.correiobraziliense.com.br\/4elementos\/wp-content\/uploads\/sites\/53\/2020\/12\/unnamed-550x711.png 550w, https:\/\/blogs.correiobraziliense.com.br\/4elementos\/wp-content\/uploads\/sites\/53\/2020\/12\/unnamed-230x297.png 230w\" sizes=\"auto, (max-width: 582px) 100vw, 582px\" \/><\/p>\n<h3><\/h3>\n<h3>Boas novas<\/h3>\n<p><span style=\"font-weight: 400\">Por outro lado, a publica\u00e7\u00e3o abre espa\u00e7o para as boas novas a partir de saberes e pr\u00e1ticas agroecol\u00f3gicas vindas de territ\u00f3rios dos povos e comunidades tradicionais, como resist\u00eancias a esse projeto de morte. As mulheres auto-organizadas de comunidades rurais da Baixada Cuiabana, em Mato Grosso, se reconhecem como guardi\u00e3s do Cerrado e se colocam em processo de resgate cultural e de transforma\u00e7\u00e3o na constru\u00e7\u00e3o de uma sociedade com rela\u00e7\u00f5es sociais e ambientais mais saud\u00e1veis.<\/span><\/p>\n<p><span style=\"font-weight: 400\">Tamb\u00e9m como instrumento efetivo de soberania alimentar, sem a aplica\u00e7\u00e3o de venenos e degrada\u00e7\u00e3o do Cerrado, a Revista analisa experi\u00eancias agroecol\u00f3gicas constru\u00eddas a partir dos saberes centen\u00e1rios dos povos do Cerrado. \u201cPara conhecimento e reconhecimento das riquezas dos modos de vida dos povos cerratenses, a Revista traz os an\u00fancios das lutas dos povos por terra, agroecologia, soberania alimentar e territ\u00f3rios livres de agrot\u00f3xicos\u201d, complementa Val\u00e9ria.\u00a0<\/span><\/p>\n<p><span style=\"font-weight: 400\">A 2\u00aa Edi\u00e7\u00e3o da Revista Cerrados pode ser adquirida gratuitamente no <\/span><a href=\"https:\/\/www.cptnacional.org.br\/\"><span style=\"font-weight: 400\">site<\/span><\/a><span style=\"font-weight: 400\"> da CPT a partir das 10h desta ter\u00e7a-feira, 15 de dezembro de 2020.\u00a0<\/span><\/p>\n<p>&nbsp;<\/p>\n","protected":false},"excerpt":{"rendered":"<p>A segunda edi\u00e7\u00e3o da Revista Cerrados, da Comiss\u00e3o Pastoral da Terra, aponta as manobras do agroneg\u00f3cio junto ao governo federal para flexibilizar as leis referentes a agrot\u00f3xicos no Brasil. A Comiss\u00e3o Pastoral da Terra (CPT) lan\u00e7a, nesta ter\u00e7a-feira (15\/12), a segunda edi\u00e7\u00e3o da Revista Cerrado com den\u00fancias sobre o impacto do uso intenso de agrot\u00f3xicos na biodiversidade do\u00a0 Cerrado e [&hellip;]<\/p>\n","protected":false},"author":114,"featured_media":0,"comment_status":"open","ping_status":"open","sticky":false,"template":"","format":"standard","meta":{"footnotes":""},"categories":[247,242],"tags":[4,306,110,440,7,439,441],"class_list":["post-1804","post","type-post","status-publish","format-standard","hentry","category-cidadania","category-denuncia","tag-4elementos1planeta","tag-agrotoxicos","tag-cerrado","tag-comissao-pastoral-da-terra","tag-conscientizacao","tag-cpt","tag-revista-cerrados"],"_links":{"self":[{"href":"https:\/\/blogs.correiobraziliense.com.br\/4elementos\/wp-json\/wp\/v2\/posts\/1804","targetHints":{"allow":["GET"]}}],"collection":[{"href":"https:\/\/blogs.correiobraziliense.com.br\/4elementos\/wp-json\/wp\/v2\/posts"}],"about":[{"href":"https:\/\/blogs.correiobraziliense.com.br\/4elementos\/wp-json\/wp\/v2\/types\/post"}],"author":[{"embeddable":true,"href":"https:\/\/blogs.correiobraziliense.com.br\/4elementos\/wp-json\/wp\/v2\/users\/114"}],"replies":[{"embeddable":true,"href":"https:\/\/blogs.correiobraziliense.com.br\/4elementos\/wp-json\/wp\/v2\/comments?post=1804"}],"version-history":[{"count":2,"href":"https:\/\/blogs.correiobraziliense.com.br\/4elementos\/wp-json\/wp\/v2\/posts\/1804\/revisions"}],"predecessor-version":[{"id":1807,"href":"https:\/\/blogs.correiobraziliense.com.br\/4elementos\/wp-json\/wp\/v2\/posts\/1804\/revisions\/1807"}],"wp:attachment":[{"href":"https:\/\/blogs.correiobraziliense.com.br\/4elementos\/wp-json\/wp\/v2\/media?parent=1804"}],"wp:term":[{"taxonomy":"category","embeddable":true,"href":"https:\/\/blogs.correiobraziliense.com.br\/4elementos\/wp-json\/wp\/v2\/categories?post=1804"},{"taxonomy":"post_tag","embeddable":true,"href":"https:\/\/blogs.correiobraziliense.com.br\/4elementos\/wp-json\/wp\/v2\/tags?post=1804"}],"curies":[{"name":"wp","href":"https:\/\/api.w.org\/{rel}","templated":true}]}}