{"id":1739,"date":"2020-11-24T16:50:00","date_gmt":"2020-11-24T19:50:00","guid":{"rendered":"https:\/\/blogs.correiobraziliense.com.br\/4elementos\/?p=1739"},"modified":"2020-11-24T16:55:39","modified_gmt":"2020-11-24T19:55:39","slug":"brasil-recicla-mais-de-97-das-latas-de-aluminio-para-bebidas","status":"publish","type":"post","link":"https:\/\/blogs.correiobraziliense.com.br\/4elementos\/2020\/11\/24\/brasil-recicla-mais-de-97-das-latas-de-aluminio-para-bebidas\/","title":{"rendered":"Brasil recicla mais de 97% das latas de alum\u00ednio para bebidas"},"content":{"rendered":"<h2><em>Pa\u00eds \u00e9 o primeiro entre na\u00e7\u00f5es que reaproveitam o metal. Novo centro de coleta \u00e9 inaugurado em \u00c1guas Claras (DF).<\/em><\/h2>\n<p>Em 2019, a ind\u00fastria do alum\u00ednio reciclou 97,6% das latas para bebidas que entraram em circula\u00e7\u00e3o no mercado, reduzindo em 70% as emiss\u00f5es de gases de efeito estufa do ciclo de vida da embalagem. O n\u00famero confirma o Brasil entre os l\u00edderes do ranking mundial, posi\u00e7\u00e3o ocupada h\u00e1 mais de 10 anos.<\/p>\n<p>No ano passado, foram comercializadas 375,7 mil toneladas de latas para bebidas. Desse total, 366,8 mil toneladas foram coletadas e reaproveitadas. &#8220;Na compara\u00e7\u00e3o com 2018, o consumo em 2019 cresceu 13,7%. A reciclagem n\u00e3o s\u00f3 acompanhou essa expans\u00e3o, como ficou ligeiramente acima dela, com uma alta de 14,7%&#8221;, diz Milton Rego, presidente-executivo da Associa\u00e7\u00e3o Brasileira do Alum\u00ednio (ABAL). &#8220;O resultado \u00e9 fruto do compromisso do setor com a reciclagem e mostra uma opera\u00e7\u00e3o de log\u00edstica reversa madura e consolidada&#8221;, completou.<\/p>\n<p>Em novembro, foi inaugurado um novo centro de coleta de sucata de alum\u00ednio da Novelis, associada da ABAL, em \u00c1guas Claras (DF). Na oportunidade, a ABAL e a Associa\u00e7\u00e3o Brasileira dos Fabricantes de Latas de Alum\u00ednio (Abralatas) firmaram, com o Minist\u00e9rio do Meio Ambiente, o Termo de Compromisso da Lata de Alum\u00ednio para Bebidas, em cumprimento \u00e0 Pol\u00edtica Nacional de Res\u00edduos S\u00f3lidos.<\/p>\n<p>O documento visa fortalecer ainda mais a estrutura de reciclagem de latas no pa\u00eds e apoiar o trabalho dos catadores de materiais recicl\u00e1veis, elo fundamental no sucesso do processo de reciclagem.<\/p>\n<figure id=\"attachment_1741\" aria-describedby=\"caption-attachment-1741\" style=\"width: 327px\" class=\"wp-caption alignleft\"><img loading=\"lazy\" decoding=\"async\" class=\"wp-image-1741 \" src=\"https:\/\/blogs.correiobraziliense.com.br\/4elementos\/wp-content\/uploads\/sites\/53\/2020\/11\/WhatsApp-Image-2020-11-24-at-09.43.13-300x200.jpeg\" alt=\"\" width=\"327\" height=\"218\" srcset=\"https:\/\/blogs.correiobraziliense.com.br\/4elementos\/wp-content\/uploads\/sites\/53\/2020\/11\/WhatsApp-Image-2020-11-24-at-09.43.13-300x200.jpeg 300w, https:\/\/blogs.correiobraziliense.com.br\/4elementos\/wp-content\/uploads\/sites\/53\/2020\/11\/WhatsApp-Image-2020-11-24-at-09.43.13-768x512.jpeg 768w, https:\/\/blogs.correiobraziliense.com.br\/4elementos\/wp-content\/uploads\/sites\/53\/2020\/11\/WhatsApp-Image-2020-11-24-at-09.43.13-1024x682.jpeg 1024w, https:\/\/blogs.correiobraziliense.com.br\/4elementos\/wp-content\/uploads\/sites\/53\/2020\/11\/WhatsApp-Image-2020-11-24-at-09.43.13-800x533.jpeg 800w, https:\/\/blogs.correiobraziliense.com.br\/4elementos\/wp-content\/uploads\/sites\/53\/2020\/11\/WhatsApp-Image-2020-11-24-at-09.43.13-550x367.jpeg 550w, https:\/\/blogs.correiobraziliense.com.br\/4elementos\/wp-content\/uploads\/sites\/53\/2020\/11\/WhatsApp-Image-2020-11-24-at-09.43.13-230x153.jpeg 230w, https:\/\/blogs.correiobraziliense.com.br\/4elementos\/wp-content\/uploads\/sites\/53\/2020\/11\/WhatsApp-Image-2020-11-24-at-09.43.13.jpeg 1280w\" sizes=\"auto, (max-width: 327px) 100vw, 327px\" \/><figcaption id=\"caption-attachment-1741\" class=\"wp-caption-text\">Foto: C\u00e1tilo C\u00e2ndido, presidente da Abralatas \/ divulga\u00e7\u00e3o<\/figcaption><\/figure>\n<p>&#8220;O Termo refor\u00e7a nosso comprometimento com a preserva\u00e7\u00e3o do meio ambiente e com a manuten\u00e7\u00e3o do \u00edndice de reciclagem das latinhas no patamar de 95% no Brasil, atualmente o terceiro maior mercado mundial, para que possamos seguir absorvendo o que \u00e9 comercializado adicionalmente a cada ano &#8220;, afirma C\u00e1tilo C\u00e2ndido, presidente executivo da Abralatas.<\/p>\n<h3>Exemplo<\/h3>\n<p>O Brasil \u00e9 exemplo para o mundo no reaproveitamento da latinha e do alum\u00ednio em si. Mais da metade do metal consumido no pa\u00eds (56%) vem da reciclagem, o que o coloca bem acima da m\u00e9dia mundial (25,9%), conforme \u00edndices de 2018. O alum\u00ednio secund\u00e1rio, obtido por meio do processo de reciclagem da sucata, economiza 95% da energia necess\u00e1ria para a produ\u00e7\u00e3o do alum\u00ednio prim\u00e1rio, gerado pela transforma\u00e7\u00e3o da bauxita. Al\u00e9m disso, em raz\u00e3o da matriz energ\u00e9tica limpa e renov\u00e1vel, o alum\u00ednio brasileiro tem baixa pegada de carbono.<\/p>\n","protected":false},"excerpt":{"rendered":"<p>Pa\u00eds \u00e9 o primeiro entre na\u00e7\u00f5es que reaproveitam o metal. Novo centro de coleta \u00e9 inaugurado em \u00c1guas Claras (DF). Em 2019, a ind\u00fastria do alum\u00ednio reciclou 97,6% das latas para bebidas que entraram em circula\u00e7\u00e3o no mercado, reduzindo em 70% as emiss\u00f5es de gases de efeito estufa do ciclo de vida da embalagem. O n\u00famero confirma o Brasil entre [&hellip;]<\/p>\n","protected":false},"author":114,"featured_media":1740,"comment_status":"open","ping_status":"open","sticky":false,"template":"","format":"standard","meta":{"footnotes":""},"categories":[54,2],"tags":[126,420,222,55],"class_list":["post-1739","post","type-post","status-publish","format-standard","has-post-thumbnail","hentry","category-reciclagem","category-sustentabilidade","tag-abralatas","tag-centro-de-coleta","tag-reaproveitamento","tag-reciclagem"],"_links":{"self":[{"href":"https:\/\/blogs.correiobraziliense.com.br\/4elementos\/wp-json\/wp\/v2\/posts\/1739","targetHints":{"allow":["GET"]}}],"collection":[{"href":"https:\/\/blogs.correiobraziliense.com.br\/4elementos\/wp-json\/wp\/v2\/posts"}],"about":[{"href":"https:\/\/blogs.correiobraziliense.com.br\/4elementos\/wp-json\/wp\/v2\/types\/post"}],"author":[{"embeddable":true,"href":"https:\/\/blogs.correiobraziliense.com.br\/4elementos\/wp-json\/wp\/v2\/users\/114"}],"replies":[{"embeddable":true,"href":"https:\/\/blogs.correiobraziliense.com.br\/4elementos\/wp-json\/wp\/v2\/comments?post=1739"}],"version-history":[{"count":5,"href":"https:\/\/blogs.correiobraziliense.com.br\/4elementos\/wp-json\/wp\/v2\/posts\/1739\/revisions"}],"predecessor-version":[{"id":1746,"href":"https:\/\/blogs.correiobraziliense.com.br\/4elementos\/wp-json\/wp\/v2\/posts\/1739\/revisions\/1746"}],"wp:featuredmedia":[{"embeddable":true,"href":"https:\/\/blogs.correiobraziliense.com.br\/4elementos\/wp-json\/wp\/v2\/media\/1740"}],"wp:attachment":[{"href":"https:\/\/blogs.correiobraziliense.com.br\/4elementos\/wp-json\/wp\/v2\/media?parent=1739"}],"wp:term":[{"taxonomy":"category","embeddable":true,"href":"https:\/\/blogs.correiobraziliense.com.br\/4elementos\/wp-json\/wp\/v2\/categories?post=1739"},{"taxonomy":"post_tag","embeddable":true,"href":"https:\/\/blogs.correiobraziliense.com.br\/4elementos\/wp-json\/wp\/v2\/tags?post=1739"}],"curies":[{"name":"wp","href":"https:\/\/api.w.org\/{rel}","templated":true}]}}