{"id":1732,"date":"2020-11-17T18:01:50","date_gmt":"2020-11-17T21:01:50","guid":{"rendered":"https:\/\/blogs.correiobraziliense.com.br\/4elementos\/?p=1732"},"modified":"2020-11-17T18:01:50","modified_gmt":"2020-11-17T21:01:50","slug":"plano-mourao-preve-a-militarizacao-da-amazonia-diz-observatorio-do-clima","status":"publish","type":"post","link":"https:\/\/blogs.correiobraziliense.com.br\/4elementos\/2020\/11\/17\/plano-mourao-preve-a-militarizacao-da-amazonia-diz-observatorio-do-clima\/","title":{"rendered":"Plano Mour\u00e3o prev\u00ea a militariza\u00e7\u00e3o da Amaz\u00f4nia, diz Observat\u00f3rio do Clima"},"content":{"rendered":"<p>A militariza\u00e7\u00e3o da Amaz\u00f4nia \u00e9 o que defende o vice-presidente da Rep\u00fablica, Hamilton Mour\u00e3o. Em 4 de novembro, ele enviou ao Minist\u00e9rio da Fazenda um pacote de documentos da reuni\u00e3o do Conselho Nacional da Amaz\u00f4nia Legal (Cnal), do qual \u00e9 coordenador, com o planejamento para a integra\u00e7\u00e3o de pol\u00edticas p\u00fablicas para a regi\u00e3o.<\/p>\n<p>Segundo o Observat\u00f3rio do Clima (OC), os documentos, chamados de Plano Mour\u00e3o, &#8220;delineiam um plano para lan\u00e7ar as bases da militariza\u00e7\u00e3o da Amaz\u00f4nia, \u00e0 guisa de promover a preserva\u00e7\u00e3o ambiental e o desenvolvimento sustent\u00e1vel da Amaz\u00f4nia Legal&#8221;.<\/p>\n<p>Ambientalistas avaliaram o documento, que, segundo o OC, utiliza teses de meados do s\u00e9culo passado relativas \u00e0 \u201ccobi\u00e7a internacional\u201d sobre a Amaz\u00f4nia e teorias conspirat\u00f3rias sem evid\u00eancias sobre um suposto conluio entre ONGs e pa\u00edses estrangeiros. &#8220;O Cnal prop\u00f5e coordenar as pol\u00edticas p\u00fablicas como meio de &#8216;assegurar a soberania&#8217; sobre a regi\u00e3o&#8221;, afirmou o OC.<\/p>\n<p>Um dos documentos principais \u00e9 uma apresenta\u00e7\u00e3o em powerpoint que lista 53 \u201ca\u00e7\u00f5es estrat\u00e9gicas priorit\u00e1rias\u201d. Sete delas se repetem ao longo da apresenta\u00e7\u00e3o. Conforme o OC, algumas visam apenas ampliar o controle militar, algumas prop\u00f5em implementar medidas que j\u00e1 existem e e a imensa maioria s\u00e3o a\u00e7\u00f5es que v\u00e3o no sentido absolutamente oposto ao da pr\u00e1tica do governo.<\/p>\n<p>Em todo o documento, o Instituto Nacional de Pesquisa Espacial (Inpe) n\u00e3o \u00e9 citado nenhuma vez. O\u00a0 Instituto Brasileiro do Meio Ambiente e dos Recursos Naturais Renov\u00e1veis (Ibama) e o Instituto para Chico Mendes de Conserva\u00e7\u00e3o da Biodiversidade (ICMBio), os principais \u00f3rg\u00e3os federais de meio ambiente, s\u00e3o relacionados apenas em um item que fala sobre sua \u201creestrutura\u00e7\u00e3o\u201d e \u201cdoutrina\u00e7\u00e3o\u201d. O Minist\u00e9rio da Defesa aparece 22 vezes.<\/p>\n<p>N\u00e3o h\u00e1 nenhuma men\u00e7\u00e3o nas 62 p\u00e1ginas do documento ao o Plano de Preven\u00e7\u00e3o e Controle do Desmatamento na Amaz\u00f4nia (PPCDAm) , que foi determinante para a redu\u00e7\u00e3o em 83% das taxas de desmatamento na Amaz\u00f4nia entre 2004 e 2012. &#8220;O governo faz t\u00e1bula rasa de esfor\u00e7os anteriores e bem-sucedidos&#8221;, avaliou o Observat\u00f3rio do Clima.<\/p>\n<p>Segundo a institui\u00e7\u00e3o, ficam claras as inten\u00e7\u00f5es de \u201crevisar\u201d unidades de conserva\u00e7\u00e3o e terras ind\u00edgenas, controlar organiza\u00e7\u00f5es n\u00e3o-governamentais por meio de um \u201cmarco regulat\u00f3rio\u201d e de subordinar o monitoramento ambiental, hoje a cargo de uma institui\u00e7\u00e3o civil de Ci\u00eancia e Tecnologia, \u00e0 Defesa.<\/p>\n","protected":false},"excerpt":{"rendered":"<p>A militariza\u00e7\u00e3o da Amaz\u00f4nia \u00e9 o que defende o vice-presidente da Rep\u00fablica, Hamilton Mour\u00e3o. Em 4 de novembro, ele enviou ao Minist\u00e9rio da Fazenda um pacote de documentos da reuni\u00e3o do Conselho Nacional da Amaz\u00f4nia Legal (Cnal), do qual \u00e9 coordenador, com o planejamento para a integra\u00e7\u00e3o de pol\u00edticas p\u00fablicas para a regi\u00e3o. Segundo o Observat\u00f3rio do Clima (OC), os [&hellip;]<\/p>\n","protected":false},"author":114,"featured_media":1735,"comment_status":"open","ping_status":"open","sticky":false,"template":"","format":"standard","meta":{"footnotes":""},"categories":[247,2],"tags":[91,419,418,315,417],"class_list":["post-1732","post","type-post","status-publish","format-standard","has-post-thumbnail","hentry","category-cidadania","category-sustentabilidade","tag-amazonia","tag-cnal","tag-militarizacao","tag-observatorio-do-clima","tag-plano-mourao"],"_links":{"self":[{"href":"https:\/\/blogs.correiobraziliense.com.br\/4elementos\/wp-json\/wp\/v2\/posts\/1732","targetHints":{"allow":["GET"]}}],"collection":[{"href":"https:\/\/blogs.correiobraziliense.com.br\/4elementos\/wp-json\/wp\/v2\/posts"}],"about":[{"href":"https:\/\/blogs.correiobraziliense.com.br\/4elementos\/wp-json\/wp\/v2\/types\/post"}],"author":[{"embeddable":true,"href":"https:\/\/blogs.correiobraziliense.com.br\/4elementos\/wp-json\/wp\/v2\/users\/114"}],"replies":[{"embeddable":true,"href":"https:\/\/blogs.correiobraziliense.com.br\/4elementos\/wp-json\/wp\/v2\/comments?post=1732"}],"version-history":[{"count":2,"href":"https:\/\/blogs.correiobraziliense.com.br\/4elementos\/wp-json\/wp\/v2\/posts\/1732\/revisions"}],"predecessor-version":[{"id":1734,"href":"https:\/\/blogs.correiobraziliense.com.br\/4elementos\/wp-json\/wp\/v2\/posts\/1732\/revisions\/1734"}],"wp:featuredmedia":[{"embeddable":true,"href":"https:\/\/blogs.correiobraziliense.com.br\/4elementos\/wp-json\/wp\/v2\/media\/1735"}],"wp:attachment":[{"href":"https:\/\/blogs.correiobraziliense.com.br\/4elementos\/wp-json\/wp\/v2\/media?parent=1732"}],"wp:term":[{"taxonomy":"category","embeddable":true,"href":"https:\/\/blogs.correiobraziliense.com.br\/4elementos\/wp-json\/wp\/v2\/categories?post=1732"},{"taxonomy":"post_tag","embeddable":true,"href":"https:\/\/blogs.correiobraziliense.com.br\/4elementos\/wp-json\/wp\/v2\/tags?post=1732"}],"curies":[{"name":"wp","href":"https:\/\/api.w.org\/{rel}","templated":true}]}}