{"id":1717,"date":"2020-11-01T14:08:27","date_gmt":"2020-11-01T17:08:27","guid":{"rendered":"https:\/\/blogs.correiobraziliense.com.br\/4elementos\/?p=1717"},"modified":"2020-11-01T14:08:59","modified_gmt":"2020-11-01T17:08:59","slug":"recorde-de-queimadas-na-amazonia-e-no-pantanal-em-outubro","status":"publish","type":"post","link":"https:\/\/blogs.correiobraziliense.com.br\/4elementos\/2020\/11\/01\/recorde-de-queimadas-na-amazonia-e-no-pantanal-em-outubro\/","title":{"rendered":"Recorde de queimadas na Amaz\u00f4nia e no Pantanal em outubro"},"content":{"rendered":"<h2><em>O n\u00famero de focos de inc\u00eandio acumulados entre janeiro e outubro \u00e9 recorde e supera 2019 nos dois biomas.<\/em><\/h2>\n<p>Um triste recorde de queimadas em outubro. O m\u00eas entrar\u00e1 para a hist\u00f3ria com um dos piores no registro de queimadas para a Amaz\u00f4nia e o Pantanal. Os n\u00fameros divulgados pelo Instituto Nacional de Pesquisas Especiais (Inpe) neste domingo (1\/11) mostram que os focos de calor aumentaram em compara\u00e7\u00e3o com o mesmo per\u00edodo do ano passado para os dois biomas. Em outubro deste ano, o Inpe lan\u00e7ou alertas para 17.326 focos de calor na Amaz\u00f4nia. No ano passado, foram 7.855 no mesmo m\u00eas. No Pantanal, foram 2.856 focos neste ano contra 2.430 em 2019.<\/p>\n<p>O acumulado nos 10 meses de 2020 soma 93.356 focos de calor na Amaz\u00f4nia. No ano passado, foram 74.604. N\u00e3o se via situa\u00e7\u00e3o igual desde 2010 para Amaz\u00f4nia. O Par\u00e1 foi o estado com maior n\u00famero de focos no per\u00edodo, com 33.449, seguidos pelo Mato Grosso (19.334), Amazonas (16.180) e Acre (9.053).<\/p>\n<p>O Pantanal tem at\u00e9 aqui o pior ano na s\u00e9rie hist\u00f3rica do Inpe. S\u00e3o 21.115 focos desde o in\u00edcio deste ano sendo que, nesse mesmo intervalo de 2019, foram registrados 4.413 focos de calor. Segundo o Laborat\u00f3rio de Aplica\u00e7\u00f5es de Sat\u00e9lites Ambientais (Lasa), uma \u00e1rea de 4,2 milh\u00f5es de hectares foi queimada no Pantanal.Isso significa 28% do bioma consumido pelas chamas.<\/p>\n<p>Os dados v\u00e3o na dire\u00e7\u00e3o contr\u00e1ria do que diz o governo, de que a situa\u00e7\u00e3o foi controlada nos meses de estiagem. Com as taxas de desmatamento cada vez maiores nos \u00faltimos anos, os alertas dos pesquisadores foram ignorados pelo governo: desmatamento e fogo andam juntos\u201d, diz Mariana Napolitano, gerente de Ci\u00eancias do WWF-Brasil. \u201cAp\u00f3s derrubarem a mata, os infratores ateiam fogo para limpar o material org\u00e2nico acumulado.\u201d<\/p>\n<p>\u201cNo final do m\u00eas, com a chegada das chuvas, o ritmo das queimadas parece estar reduzindo, mas n\u00e3o podemos depender apenas dos fatores clim\u00e1ticos. O que aconteceu na temporada da seca na Amaz\u00f4nia e Pantanal em 2020 n\u00e3o pode se repetir\u201d, diz Napolitano.<\/p>\n<p><img loading=\"lazy\" decoding=\"async\" class=\"alignnone size-large wp-image-1468\" src=\"https:\/\/blogs.correiobraziliense.com.br\/4elementos\/wp-content\/uploads\/sites\/53\/2020\/08\/queimadas-1024x643.jpg\" alt=\"\" width=\"1024\" height=\"643\" srcset=\"https:\/\/blogs.correiobraziliense.com.br\/4elementos\/wp-content\/uploads\/sites\/53\/2020\/08\/queimadas-1024x643.jpg 1024w, https:\/\/blogs.correiobraziliense.com.br\/4elementos\/wp-content\/uploads\/sites\/53\/2020\/08\/queimadas-300x189.jpg 300w, https:\/\/blogs.correiobraziliense.com.br\/4elementos\/wp-content\/uploads\/sites\/53\/2020\/08\/queimadas-768x483.jpg 768w, https:\/\/blogs.correiobraziliense.com.br\/4elementos\/wp-content\/uploads\/sites\/53\/2020\/08\/queimadas-550x346.jpg 550w, https:\/\/blogs.correiobraziliense.com.br\/4elementos\/wp-content\/uploads\/sites\/53\/2020\/08\/queimadas-230x145.jpg 230w, https:\/\/blogs.correiobraziliense.com.br\/4elementos\/wp-content\/uploads\/sites\/53\/2020\/08\/queimadas.jpg 1200w\" sizes=\"auto, (max-width: 1024px) 100vw, 1024px\" \/><\/p>\n<h3><\/h3>\n<h3><strong>Opera\u00e7\u00e3o Verde Brasil 2<\/strong><\/h3>\n<p>Ao assumirem o comando das opera\u00e7\u00f5es de fiscaliza\u00e7\u00e3o e controle na Amaz\u00f4nia, as For\u00e7as Armadas passaram a cumprir o papel legal destinado ao Ibama. Alegando n\u00e3o ter dinheiro para a opera\u00e7\u00e3o (embora tivesse come\u00e7ado com R$ 4,5 milh\u00f5es de gastos autorizados) e a situa\u00e7\u00e3o excepcional criada pela pandemia, o governo garantiu, em agosto deste ano, a aprova\u00e7\u00e3o de cr\u00e9dito extraordin\u00e1rio para a opera\u00e7\u00e3o militar Verde Brasil 2, que elevou a autoriza\u00e7\u00e3o de gastos para R$ 418,6 milh\u00f5es.<\/p>\n<p>A opera\u00e7\u00e3o Verde Brasil 2 est\u00e1 prorrogada oficialmente at\u00e9 novembro deste ano e dever\u00e1 se estender at\u00e9 2022, segundo planejamento do Conselho da Amaz\u00f4nia. Um novo an\u00fancio de prorroga\u00e7\u00e3o foi feito no \u00faltimo dia 26 de outubro.<\/p>\n<p><em>* Com informa\u00e7\u00f5es do WWF-Brasil<\/em><\/p>\n","protected":false},"excerpt":{"rendered":"<p>O n\u00famero de focos de inc\u00eandio acumulados entre janeiro e outubro \u00e9 recorde e supera 2019 nos dois biomas. Um triste recorde de queimadas em outubro. O m\u00eas entrar\u00e1 para a hist\u00f3ria com um dos piores no registro de queimadas para a Amaz\u00f4nia e o Pantanal. Os n\u00fameros divulgados pelo Instituto Nacional de Pesquisas Especiais (Inpe) neste domingo (1\/11) mostram [&hellip;]<\/p>\n","protected":false},"author":114,"featured_media":0,"comment_status":"open","ping_status":"open","sticky":false,"template":"","format":"standard","meta":{"footnotes":""},"categories":[155,1],"tags":[4,91,143,93,413],"class_list":["post-1717","post","type-post","status-publish","format-standard","hentry","category-catastrofe-ambiental","category-sem-categoria","tag-4elementos1planeta","tag-amazonia","tag-pantanal","tag-queimadas","tag-recorde"],"_links":{"self":[{"href":"https:\/\/blogs.correiobraziliense.com.br\/4elementos\/wp-json\/wp\/v2\/posts\/1717","targetHints":{"allow":["GET"]}}],"collection":[{"href":"https:\/\/blogs.correiobraziliense.com.br\/4elementos\/wp-json\/wp\/v2\/posts"}],"about":[{"href":"https:\/\/blogs.correiobraziliense.com.br\/4elementos\/wp-json\/wp\/v2\/types\/post"}],"author":[{"embeddable":true,"href":"https:\/\/blogs.correiobraziliense.com.br\/4elementos\/wp-json\/wp\/v2\/users\/114"}],"replies":[{"embeddable":true,"href":"https:\/\/blogs.correiobraziliense.com.br\/4elementos\/wp-json\/wp\/v2\/comments?post=1717"}],"version-history":[{"count":6,"href":"https:\/\/blogs.correiobraziliense.com.br\/4elementos\/wp-json\/wp\/v2\/posts\/1717\/revisions"}],"predecessor-version":[{"id":1723,"href":"https:\/\/blogs.correiobraziliense.com.br\/4elementos\/wp-json\/wp\/v2\/posts\/1717\/revisions\/1723"}],"wp:attachment":[{"href":"https:\/\/blogs.correiobraziliense.com.br\/4elementos\/wp-json\/wp\/v2\/media?parent=1717"}],"wp:term":[{"taxonomy":"category","embeddable":true,"href":"https:\/\/blogs.correiobraziliense.com.br\/4elementos\/wp-json\/wp\/v2\/categories?post=1717"},{"taxonomy":"post_tag","embeddable":true,"href":"https:\/\/blogs.correiobraziliense.com.br\/4elementos\/wp-json\/wp\/v2\/tags?post=1717"}],"curies":[{"name":"wp","href":"https:\/\/api.w.org\/{rel}","templated":true}]}}