{"id":1703,"date":"2020-10-14T18:07:46","date_gmt":"2020-10-14T21:07:46","guid":{"rendered":"https:\/\/blogs.correiobraziliense.com.br\/4elementos\/?p=1703"},"modified":"2020-10-14T18:07:46","modified_gmt":"2020-10-14T21:07:46","slug":"museu-nacional-sera-tela-de-projecao-para-alertas-sobre-fome-e-alimentacao","status":"publish","type":"post","link":"https:\/\/blogs.correiobraziliense.com.br\/4elementos\/2020\/10\/14\/museu-nacional-sera-tela-de-projecao-para-alertas-sobre-fome-e-alimentacao\/","title":{"rendered":"Museu Nacional ser\u00e1 tela de proje\u00e7\u00e3o para alertas sobre fome e alimenta\u00e7\u00e3o"},"content":{"rendered":"<h2><em>Ag\u00eancias da Organiza\u00e7\u00e3o das Na\u00e7\u00f5es Unidas (ONU) promovem a\u00e7\u00f5es para lembrar Dia Mundial da Alimenta\u00e7\u00e3o. Em Bras\u00edlia, Museu Nacional projetar\u00e1 informa\u00e7\u00f5es e dados sobre a fome.<\/em><\/h2>\n<p>Para celebrar o Dia Mundial da Alimenta\u00e7\u00e3o de 2020 no Brasil, a Organiza\u00e7\u00e3o das Na\u00e7\u00f5es Unidas para a Alimenta\u00e7\u00e3o e a Agricultura (FAO), o Fundo Internacional de Desenvolvimento Agr\u00edcola (FIDA), o Instituto Interamericano de Coopera\u00e7\u00e3o para a Agricultura (IICA) e o Centro de Excel\u00eancia contra Fome do Programa Mundial de Alimentos (WFP) realizam a\u00e7\u00f5es com o objetivo de dar visibilidade ao tema da alimenta\u00e7\u00e3o.<\/p>\n<p>Nos dias 15 e 16 de outubro, entre 18h e 22h, quem passar em frente ao Museu Nacional da Rep\u00fablica, em Bras\u00edlia, ir\u00e1 assistir \u00e0 proje\u00e7\u00e3o, na fachada externa, de fotos de Her\u00f3is da Alimenta\u00e7\u00e3o, al\u00e9m de ler mensagens sobre a import\u00e2ncia da digitaliza\u00e7\u00e3o no campo e da transforma\u00e7\u00e3o dos sistemas alimentares no contexto p\u00f3s-covid-19, al\u00e9m de dados sobre a fome no mundo.<\/p>\n<p>&nbsp;<\/p>\n<figure id=\"attachment_1704\" aria-describedby=\"caption-attachment-1704\" style=\"width: 820px\" class=\"wp-caption alignnone\"><img loading=\"lazy\" decoding=\"async\" class=\"size-full wp-image-1704\" src=\"https:\/\/blogs.correiobraziliense.com.br\/4elementos\/wp-content\/uploads\/sites\/53\/2020\/10\/FOTO-ED-ALVES.jpg\" alt=\"\" width=\"820\" height=\"546\" srcset=\"https:\/\/blogs.correiobraziliense.com.br\/4elementos\/wp-content\/uploads\/sites\/53\/2020\/10\/FOTO-ED-ALVES.jpg 820w, https:\/\/blogs.correiobraziliense.com.br\/4elementos\/wp-content\/uploads\/sites\/53\/2020\/10\/FOTO-ED-ALVES-300x200.jpg 300w, https:\/\/blogs.correiobraziliense.com.br\/4elementos\/wp-content\/uploads\/sites\/53\/2020\/10\/FOTO-ED-ALVES-768x511.jpg 768w, https:\/\/blogs.correiobraziliense.com.br\/4elementos\/wp-content\/uploads\/sites\/53\/2020\/10\/FOTO-ED-ALVES-550x366.jpg 550w, https:\/\/blogs.correiobraziliense.com.br\/4elementos\/wp-content\/uploads\/sites\/53\/2020\/10\/FOTO-ED-ALVES-230x153.jpg 230w\" sizes=\"auto, (max-width: 820px) 100vw, 820px\" \/><figcaption id=\"caption-attachment-1704\" class=\"wp-caption-text\">Museu Nacional da Rep\u00fablica \/ Foto: Ed Alves\/DA Press<\/figcaption><\/figure>\n<p>Com o tema \u201cCultivar, nutrir, preservar. Juntos\u201d, o #DMA2020 pede solidariedade internacional para ajudar os mais vulner\u00e1veis a se recuperarem e para que os sistemas alimentares sejam fortalecidos de forma mais sustent\u00e1vel e resiliente. &#8220;Nossas a\u00e7\u00f5es s\u00e3o nosso futuro e todos n\u00f3s temos um papel a cumprir, desde escolher op\u00e7\u00f5es de alimentos que melhorem tanto nossa sa\u00fade quanto nosso sistema alimentar, at\u00e9 n\u00e3o deixar h\u00e1bitos sustent\u00e1veis ca\u00edrem no esquecimento&#8221;, disse a FAO.<\/p>\n<p>No dia 16 de outubro, com o objetivo de propor uma reflex\u00e3o sobre nossos h\u00e1bitos alimentares e sobre a import\u00e2ncia de reconhecer e apoiar nossos her\u00f3is da alimenta\u00e7\u00e3o, \u00e0s 17h, no canal do YouTube da ONU Brasil, acontece a live #DiaMundialDaAlimenta\u00e7\u00e3o: Iniciativas Inspiradoras, com a participa\u00e7\u00e3o de jovens que atuam em projetos e iniciativas voltadas \u00e0 alimenta\u00e7\u00e3o e \u00e0 agricultura, e que v\u00eam transformando nossos sistemas alimentares.<\/p>\n<p>&#8220;A comida \u00e9 a ess\u00eancia da vida e a base de nossas culturas e comunidades. Preservar o acesso a alimentos seguros e nutritivos \u00e9 &#8212; e continuar\u00e1 a ser &#8212; uma parte essencial da resposta \u00e0 pandemia da covid-19, particularmente para as comunidades mais vulner\u00e1veis. Em um momento como este, todos n\u00f3s precisamos garantir que nossos sistemas alimentares sejam capazes de cultivar uma variedade de alimentos para nutrir a popula\u00e7\u00e3o e preservar o planeta, juntos.&#8221;<\/p>\n","protected":false},"excerpt":{"rendered":"<p>Ag\u00eancias da Organiza\u00e7\u00e3o das Na\u00e7\u00f5es Unidas (ONU) promovem a\u00e7\u00f5es para lembrar Dia Mundial da Alimenta\u00e7\u00e3o. Em Bras\u00edlia, Museu Nacional projetar\u00e1 informa\u00e7\u00f5es e dados sobre a fome. Para celebrar o Dia Mundial da Alimenta\u00e7\u00e3o de 2020 no Brasil, a Organiza\u00e7\u00e3o das Na\u00e7\u00f5es Unidas para a Alimenta\u00e7\u00e3o e a Agricultura (FAO), o Fundo Internacional de Desenvolvimento Agr\u00edcola (FIDA), o Instituto Interamericano de [&hellip;]<\/p>\n","protected":false},"author":114,"featured_media":0,"comment_status":"open","ping_status":"open","sticky":false,"template":"","format":"standard","meta":{"footnotes":""},"categories":[57,205,206],"tags":[407,406,404,405,48,47],"class_list":["post-1703","post","type-post","status-publish","format-standard","hentry","category-desenvolvimento-sustentavel","category-objetivo-de-desenvolvimento-sustentavel","category-ods","tag-dia-da-alimentacao","tag-fao","tag-fome","tag-museu-nacional","tag-ods","tag-onu"],"_links":{"self":[{"href":"https:\/\/blogs.correiobraziliense.com.br\/4elementos\/wp-json\/wp\/v2\/posts\/1703","targetHints":{"allow":["GET"]}}],"collection":[{"href":"https:\/\/blogs.correiobraziliense.com.br\/4elementos\/wp-json\/wp\/v2\/posts"}],"about":[{"href":"https:\/\/blogs.correiobraziliense.com.br\/4elementos\/wp-json\/wp\/v2\/types\/post"}],"author":[{"embeddable":true,"href":"https:\/\/blogs.correiobraziliense.com.br\/4elementos\/wp-json\/wp\/v2\/users\/114"}],"replies":[{"embeddable":true,"href":"https:\/\/blogs.correiobraziliense.com.br\/4elementos\/wp-json\/wp\/v2\/comments?post=1703"}],"version-history":[{"count":1,"href":"https:\/\/blogs.correiobraziliense.com.br\/4elementos\/wp-json\/wp\/v2\/posts\/1703\/revisions"}],"predecessor-version":[{"id":1705,"href":"https:\/\/blogs.correiobraziliense.com.br\/4elementos\/wp-json\/wp\/v2\/posts\/1703\/revisions\/1705"}],"wp:attachment":[{"href":"https:\/\/blogs.correiobraziliense.com.br\/4elementos\/wp-json\/wp\/v2\/media?parent=1703"}],"wp:term":[{"taxonomy":"category","embeddable":true,"href":"https:\/\/blogs.correiobraziliense.com.br\/4elementos\/wp-json\/wp\/v2\/categories?post=1703"},{"taxonomy":"post_tag","embeddable":true,"href":"https:\/\/blogs.correiobraziliense.com.br\/4elementos\/wp-json\/wp\/v2\/tags?post=1703"}],"curies":[{"name":"wp","href":"https:\/\/api.w.org\/{rel}","templated":true}]}}