{"id":1699,"date":"2020-10-13T17:43:08","date_gmt":"2020-10-13T20:43:08","guid":{"rendered":"https:\/\/blogs.correiobraziliense.com.br\/4elementos\/?p=1699"},"modified":"2020-10-13T17:43:08","modified_gmt":"2020-10-13T20:43:08","slug":"com-pais-em-chamas-ministro-salles-defende-uso-de-retardantes-quimicos","status":"publish","type":"post","link":"https:\/\/blogs.correiobraziliense.com.br\/4elementos\/2020\/10\/13\/com-pais-em-chamas-ministro-salles-defende-uso-de-retardantes-quimicos\/","title":{"rendered":"Com pa\u00eds em chamas, ministro Salles defende uso de retardantes qu\u00edmicos"},"content":{"rendered":"<h2><em><span style=\"font-weight: 400\">Os retardantes qu\u00edmicos foram usados\u00a0<\/span><span style=\"font-weight: 400\">na Chapada dos Veadeiros. O produto exp\u00f4s popula\u00e7\u00e3o e meio ambiente a riscos desconhecidos. Segundo pesquisador, n\u00e3o se conhece o efeito do uso nas florestas brasileiras.<\/span><\/em><\/h2>\n<p><span style=\"font-weight: 400\">O ministro do Meio Ambiente, Ricardo Salles, defendeu, nesta ter\u00e7a-feira (13\/10), na comiss\u00e3o do Pantanal no Senado, o uso de produtos qu\u00edmicos para retardar queimadas em \u00e1reas silvestres no Brasil. No s\u00e1bado, a subst\u00e2ncia foi usada na Chapada dos Veadeiros (GO) e a popula\u00e7\u00e3o lamenta que a aplica\u00e7\u00e3o est\u00e1 obrigando os moradores locais a n\u00e3o consumirem \u00e1gua, nem pescarem ou comerem vegetais expostos aos retardantes por 40 dias.<\/span><\/p>\n<p><span style=\"font-weight: 400\">Faltam estudos sobre o impacto dessas subst\u00e2ncias nas vegeta\u00e7\u00f5es brasileiras e tamb\u00e9m n\u00e3o h\u00e1 combatentes de fogo treinados para aplicar o produto.\u00a0<\/span><span style=\"font-weight: 400\">Segundo o ClimaInfo, a falta de conhecimento sobre os impactos dos retardantes de chama nos biomas brasileiros est\u00e1 na nota t\u00e9cnica elaborada em 2018 pela Coordena\u00e7\u00e3o de Avalia\u00e7\u00e3o Ambiental de Subst\u00e2ncias e Produtos Perigosos do Ibama, \u00fanico documento federal que trata do assunto. <\/span><\/p>\n<p><span style=\"font-weight: 400\">O laudo analisa produtos quanto \u00e0 toxicidade e ao impacto ambiental e confirma a inexist\u00eancia de lei para disciplinar o uso desses materiais em \u00e1rea de selva. O documento destaca, por fim, a necessidade de proteger cursos d\u2019\u00e1gua durante aplica\u00e7\u00e3o, independentemente da composi\u00e7\u00e3o do retardante.<\/span><\/p>\n<h3>Sem proibi\u00e7\u00e3o<\/h3>\n<p><span style=\"font-weight: 400\">Na noite do feriado de 12 de outubro, o Ibama emitiu uma nota \u00e0 imprensa em que diz n\u00e3o haver qualquer lei no pa\u00eds que pro\u00edba o uso desses produtos qu\u00edmicos. Como tamb\u00e9m n\u00e3o h\u00e1 legisla\u00e7\u00e3o que regulamente as aplica\u00e7\u00f5es &#8212; e \u00e9 o pr\u00f3prio Ibama o respons\u00e1vel por criar normas desse tipo &#8212; a falta de entendimento jur\u00eddico sobre o tema criou um embate entre o governo goiano e o Minist\u00e9rio de Meio Ambiente (MMA).<\/span><\/p>\n<p><span style=\"font-weight: 400\">O governo de Goi\u00e1s disse hoje (13\/10) em nota que \u201cn\u00e3o h\u00e1 nenhuma regulamenta\u00e7\u00e3o sobre o referido produto qu\u00edmico em Goi\u00e1s; que n\u00e3o foi consultado sobre sua utiliza\u00e7\u00e3o; e que n\u00e3o \u00e9 autorizado o uso do mesmo dentro da \u00c1rea de Prote\u00e7\u00e3o Ambiental do Pouso Alto, de gest\u00e3o sob responsabilidade do governo goiano\u201d. No s\u00e1bado, a popula\u00e7\u00e3o da regi\u00e3o da Chapada dos Veadeiros protestou contra o uso dos produtos qu\u00edmicos.<\/span><\/p>\n<h3>Popula\u00e7\u00e3o contra os retardantes qu\u00edmicos<\/h3>\n<p>Fl\u00e1via Ribeiro, vice-presidente da Associa\u00e7\u00e3o dos Amigos das Florestas, entrou em contato com o <strong>Blog<\/strong>\u00a0<strong>4Elementos<\/strong>.\u201cNo caso espec\u00edfico da Chapada, havia chovido no dia anterior e o inc\u00eandio j\u00e1 estava praticamente debelado, havendo previs\u00e3o de chuva volumosa para o mesmo dia, o que de fato ocorreu poucas horas depois\u201d, afirmou. \u201cForam tr\u00eas lan\u00e7amentos na regi\u00e3o do Catingueiro, no Parque Nacional da Chapada dos Veadeiros, bem pr\u00f3ximo ao limite com a APA do Pouso Alto, sem que o governo de Goi\u00e1s tenha sido consultado\u201d, disse ela. \u201cOs t\u00e9cnicos que lan\u00e7aram o produto n\u00e3o utilizaram qualquer tipo de EPI (equipamento de prote\u00e7\u00e3o individual) para se proteger da toxidade do produto, que foi lan\u00e7ado pr\u00f3ximo a brigadistas que estavam combatendo o fogo no local e tamb\u00e9m n\u00e3o usavam EPIs espec\u00edficos\u201d, acrescentou.<\/p>\n<p>\u201cOs retardantes de chama podem ser uma op\u00e7\u00e3o para o Brasil, mas n\u00e3o agora. Faltam estudos, protocolo e capacita\u00e7\u00e3o dos combatentes\u201d, avaliou o bi\u00f3logo Carlos Henke, professor da Universidade de Bras\u00edlia (UnB), que conduz os principais estudos sobre o comportamento desses produtos nos biomas brasileiros. Para o pesquisador, est\u00e3o tratando o tema como uma \u201cbala de prata\u201d contra as queimadas. \u201cN\u00e3o vai funcionar. Ningu\u00e9m conhece o comportamento desses produtos nas florestas brasileiras.\u201d<\/p>\n<p>Apesar do limbo jur\u00eddico, retardantes de chama j\u00e1 foram usados pontualmente em inc\u00eandios no Brasil em 2008: na Terra Ind\u00edgena Ararib\u00f3ia, no Maranh\u00e3o; e na Chapada Diamantina, na Bahia. Nenhuma das aplica\u00e7\u00f5es foi acompanhada de estudos sobre impactos posteriores para a biodiversidade. Segundo Henke, tamb\u00e9m n\u00e3o houve qualquer evid\u00eancia de que o uso dos produtos reduziu a dura\u00e7\u00e3o dos inc\u00eandios no Maranh\u00e3o e na Bahia. Em 2010, a compra sem licita\u00e7\u00e3o desses materiais e o uso naquelas localidades viraram alvo de um inqu\u00e9rito do pr\u00f3prio Ibama. Mais recentemente, o estado de Mato Grosso adquiriu retardantes de chama, sem especificar a quantidade e onde o produto foi usado.<\/p>\n<p>&nbsp;<\/p>\n<p><i><span style=\"font-weight: 400\">* Com informa\u00e7\u00f5es do Instituto ClimaInfo<\/span><\/i><\/p>\n","protected":false},"excerpt":{"rendered":"<p>Os retardantes qu\u00edmicos foram usados\u00a0na Chapada dos Veadeiros. O produto exp\u00f4s popula\u00e7\u00e3o e meio ambiente a riscos desconhecidos. Segundo pesquisador, n\u00e3o se conhece o efeito do uso nas florestas brasileiras. O ministro do Meio Ambiente, Ricardo Salles, defendeu, nesta ter\u00e7a-feira (13\/10), na comiss\u00e3o do Pantanal no Senado, o uso de produtos qu\u00edmicos para retardar queimadas em \u00e1reas silvestres no Brasil. [&hellip;]<\/p>\n","protected":false},"author":114,"featured_media":1546,"comment_status":"open","ping_status":"open","sticky":false,"template":"","format":"standard","meta":{"footnotes":""},"categories":[155],"tags":[403,338,168,143,402],"class_list":["post-1699","post","type-post","status-publish","format-standard","has-post-thumbnail","hentry","category-catastrofe-ambiental","tag-chapada-dos-veadeiros","tag-climainfo","tag-mma","tag-pantanal","tag-retardantes-quimicos"],"_links":{"self":[{"href":"https:\/\/blogs.correiobraziliense.com.br\/4elementos\/wp-json\/wp\/v2\/posts\/1699","targetHints":{"allow":["GET"]}}],"collection":[{"href":"https:\/\/blogs.correiobraziliense.com.br\/4elementos\/wp-json\/wp\/v2\/posts"}],"about":[{"href":"https:\/\/blogs.correiobraziliense.com.br\/4elementos\/wp-json\/wp\/v2\/types\/post"}],"author":[{"embeddable":true,"href":"https:\/\/blogs.correiobraziliense.com.br\/4elementos\/wp-json\/wp\/v2\/users\/114"}],"replies":[{"embeddable":true,"href":"https:\/\/blogs.correiobraziliense.com.br\/4elementos\/wp-json\/wp\/v2\/comments?post=1699"}],"version-history":[{"count":2,"href":"https:\/\/blogs.correiobraziliense.com.br\/4elementos\/wp-json\/wp\/v2\/posts\/1699\/revisions"}],"predecessor-version":[{"id":1701,"href":"https:\/\/blogs.correiobraziliense.com.br\/4elementos\/wp-json\/wp\/v2\/posts\/1699\/revisions\/1701"}],"wp:featuredmedia":[{"embeddable":true,"href":"https:\/\/blogs.correiobraziliense.com.br\/4elementos\/wp-json\/wp\/v2\/media\/1546"}],"wp:attachment":[{"href":"https:\/\/blogs.correiobraziliense.com.br\/4elementos\/wp-json\/wp\/v2\/media?parent=1699"}],"wp:term":[{"taxonomy":"category","embeddable":true,"href":"https:\/\/blogs.correiobraziliense.com.br\/4elementos\/wp-json\/wp\/v2\/categories?post=1699"},{"taxonomy":"post_tag","embeddable":true,"href":"https:\/\/blogs.correiobraziliense.com.br\/4elementos\/wp-json\/wp\/v2\/tags?post=1699"}],"curies":[{"name":"wp","href":"https:\/\/api.w.org\/{rel}","templated":true}]}}