{"id":1690,"date":"2020-10-09T13:22:29","date_gmt":"2020-10-09T16:22:29","guid":{"rendered":"https:\/\/blogs.correiobraziliense.com.br\/4elementos\/?p=1690"},"modified":"2020-10-09T14:08:25","modified_gmt":"2020-10-09T17:08:25","slug":"desmatamento-em-setembro-e-o-segundo-maior-da-historia-atras-apenas-de-2019","status":"publish","type":"post","link":"https:\/\/blogs.correiobraziliense.com.br\/4elementos\/2020\/10\/09\/desmatamento-em-setembro-e-o-segundo-maior-da-historia-atras-apenas-de-2019\/","title":{"rendered":"Em dois anos, setembro bate recorde de desmatamento sob gest\u00e3o Bolsonaro"},"content":{"rendered":"<p><i><span style=\"font-weight: 400\">Inpe informa que m\u00e9dia de alertas de desmatamento na seca salta de 576 km\u00b2 para 1.189 km\u00b2. Dado de setembro, de 964 km\u00b2, \u00e9 o segundo maior da hist\u00f3ria, perde apenas para o mesmo m\u00eas de 2019, com 1.543 km\u00b2 devastados.<\/span><\/i><\/p>\n<p><span style=\"font-weight: 400\">O Instituto Nacional de Pesquisas Espaciais (Inpe) divulgou nesta sexta-feira (9\/10) o dado de alertas de desmatamento de setembro. \u00c9 o segundo pior da s\u00e9rie hist\u00f3rica do sistema de monitoramento Deter-B, com 964 km\u00b2, perdendo apenas para setembro do ano passado, que teve 1.543 km\u00b2 devastados.<\/span><\/p>\n<p><span style=\"font-weight: 400\">Como mostra o gr\u00e1fico abaixo, em 2016, 2017 e 2018 a m\u00e9dia mensal de alertas de desmatamento nos meses mais secos do ano, de maio a setembro, era de 576 km\u00b2. No governo Bolsonaro, ela saltou para 1.189 km\u00b2. As queimadas na Amaz\u00f4nia entre maio e setembro foram 21% maiores do que no mesmo per\u00edodo do ano passado.<\/span><\/p>\n<p><img loading=\"lazy\" decoding=\"async\" class=\"alignnone size-full wp-image-1692\" src=\"https:\/\/blogs.correiobraziliense.com.br\/4elementos\/wp-content\/uploads\/sites\/53\/2020\/10\/inpe-deter.jpg\" alt=\"\" width=\"619\" height=\"353\" srcset=\"https:\/\/blogs.correiobraziliense.com.br\/4elementos\/wp-content\/uploads\/sites\/53\/2020\/10\/inpe-deter.jpg 619w, https:\/\/blogs.correiobraziliense.com.br\/4elementos\/wp-content\/uploads\/sites\/53\/2020\/10\/inpe-deter-300x171.jpg 300w, https:\/\/blogs.correiobraziliense.com.br\/4elementos\/wp-content\/uploads\/sites\/53\/2020\/10\/inpe-deter-550x314.jpg 550w, https:\/\/blogs.correiobraziliense.com.br\/4elementos\/wp-content\/uploads\/sites\/53\/2020\/10\/inpe-deter-230x131.jpg 230w\" sizes=\"auto, (max-width: 619px) 100vw, 619px\" \/><\/p>\n<h3>Desmatamento<\/h3>\n<p><span style=\"font-weight: 400\">Para o Observat\u00f3rio do Clima (OC), os sat\u00e9lites indicam mais uma vez que a Opera\u00e7\u00e3o Verde Brasil 2, que completa cinco meses na Amaz\u00f4nia neste fim de semana, fracassou em frear o desmatamento e as queimadas. \u201cAfinal, o desmate nos meses mais secos do ano no governo Bolsonaro, que tamb\u00e9m \u00e9 o per\u00edodo da opera\u00e7\u00e3o militar, segue duas vezes maior do que nos tr\u00eas anos anteriores da s\u00e9rie.\u201d<\/span><\/p>\n<p><span style=\"font-weight: 400\">O desmatamento \u00e9 medido sempre de agosto de um ano a julho do ano seguinte. Mas, ao considerar o ano-calend\u00e1rio, de janeiro a dezembro, o per\u00edodo de um ano e nove meses de gest\u00e3o Bolsonaro teve 76% mais desmatamento (8.560 km\u00b2) por ano do que os tr\u00eas anos cheios anteriores (4.844 km\u00b2 em m\u00e9dia).<\/span><\/p>\n<p><span style=\"font-weight: 400\">\u201cOs n\u00fameros do desmatamento continuam altos e inaceit\u00e1veis. Em setembro, a cada minuto uma \u00e1rea do tamanho de dois campos de futebol foi derrubada de forma ilegal. Enquanto o vice-presidente demonstra o mesmo negacionismo sobre a crise ambiental do presidente e do ministro do Meio Ambiente, o crime corre solto na Amaz\u00f4nia, com a certeza da impunidade\u201d, disse Marcio Astrini, secret\u00e1rio-executivo do OC.<\/span><\/p>\n<p><span style=\"font-weight: 400\">\u201cEssa atitude pode at\u00e9 colher aplausos da claque do governo nas redes sociais, mas no mundo real ela produz destrui\u00e7\u00e3o, evas\u00e3o de divisas, emiss\u00f5es de carbono e danos comerciais, como vimos nesta semana com a indica\u00e7\u00e3o do Parlamento Europeu de que n\u00e3o aprovar\u00e1 o acordo entre a Uni\u00e3o Europeia e o Mercosul\u201d, completou.\u00a0\u00a0<\/span><\/p>\n<p>&nbsp;<\/p>\n","protected":false},"excerpt":{"rendered":"<p>Inpe informa que m\u00e9dia de alertas de desmatamento na seca salta de 576 km\u00b2 para 1.189 km\u00b2. Dado de setembro, de 964 km\u00b2, \u00e9 o segundo maior da hist\u00f3ria, perde apenas para o mesmo m\u00eas de 2019, com 1.543 km\u00b2 devastados. O Instituto Nacional de Pesquisas Espaciais (Inpe) divulgou nesta sexta-feira (9\/10) o dado de alertas de desmatamento de setembro. [&hellip;]<\/p>\n","protected":false},"author":114,"featured_media":0,"comment_status":"open","ping_status":"open","sticky":false,"template":"","format":"standard","meta":{"footnotes":""},"categories":[155],"tags":[4,91,80,66,315],"class_list":["post-1690","post","type-post","status-publish","format-standard","hentry","category-catastrofe-ambiental","tag-4elementos1planeta","tag-amazonia","tag-ambientalistas","tag-desmatamento","tag-observatorio-do-clima"],"_links":{"self":[{"href":"https:\/\/blogs.correiobraziliense.com.br\/4elementos\/wp-json\/wp\/v2\/posts\/1690","targetHints":{"allow":["GET"]}}],"collection":[{"href":"https:\/\/blogs.correiobraziliense.com.br\/4elementos\/wp-json\/wp\/v2\/posts"}],"about":[{"href":"https:\/\/blogs.correiobraziliense.com.br\/4elementos\/wp-json\/wp\/v2\/types\/post"}],"author":[{"embeddable":true,"href":"https:\/\/blogs.correiobraziliense.com.br\/4elementos\/wp-json\/wp\/v2\/users\/114"}],"replies":[{"embeddable":true,"href":"https:\/\/blogs.correiobraziliense.com.br\/4elementos\/wp-json\/wp\/v2\/comments?post=1690"}],"version-history":[{"count":7,"href":"https:\/\/blogs.correiobraziliense.com.br\/4elementos\/wp-json\/wp\/v2\/posts\/1690\/revisions"}],"predecessor-version":[{"id":1698,"href":"https:\/\/blogs.correiobraziliense.com.br\/4elementos\/wp-json\/wp\/v2\/posts\/1690\/revisions\/1698"}],"wp:attachment":[{"href":"https:\/\/blogs.correiobraziliense.com.br\/4elementos\/wp-json\/wp\/v2\/media?parent=1690"}],"wp:term":[{"taxonomy":"category","embeddable":true,"href":"https:\/\/blogs.correiobraziliense.com.br\/4elementos\/wp-json\/wp\/v2\/categories?post=1690"},{"taxonomy":"post_tag","embeddable":true,"href":"https:\/\/blogs.correiobraziliense.com.br\/4elementos\/wp-json\/wp\/v2\/tags?post=1690"}],"curies":[{"name":"wp","href":"https:\/\/api.w.org\/{rel}","templated":true}]}}