{"id":1685,"date":"2020-10-09T12:52:54","date_gmt":"2020-10-09T15:52:54","guid":{"rendered":"https:\/\/blogs.correiobraziliense.com.br\/4elementos\/?p=1685"},"modified":"2020-10-09T12:52:54","modified_gmt":"2020-10-09T15:52:54","slug":"bolsonero-greenpeace-faz-protesto-contra-desmonte-ambiental-no-brasil","status":"publish","type":"post","link":"https:\/\/blogs.correiobraziliense.com.br\/4elementos\/2020\/10\/09\/bolsonero-greenpeace-faz-protesto-contra-desmonte-ambiental-no-brasil\/","title":{"rendered":"Bolsonero: Greenpeace faz protesto contra desmonte ambiental no Brasil"},"content":{"rendered":"<h2><em>A\u00e7\u00e3o exp\u00f5e responsabilidade do governo pela pior crise ambiental j\u00e1 enfrentada pelo pa\u00eds, chama presidente de Bolsonero, em alus\u00e3o ao imperador incendi\u00e1rio de Roma, com mensagem &#8220;P\u00e1tria queimada, Brasil&#8221;.<\/em><\/h2>\n<p>Em uma \u00e1rea devastada pelas queimadas no Pantanal, ativistas do Greenpeace Brasil ergueram uma est\u00e1tua de quatro metros de \u201cBolsonero\u201d e escreveram a mensagem \u201cP\u00e1tria queimada, Brasil\u201d com letras gigantes para protestar contra o desmonte sistem\u00e1tico da pol\u00edtica ambiental brasileira do atual governo, que resultou em uma das piores crises ambientais da hist\u00f3ria do pa\u00eds.<\/p>\n<div style=\"width: 640px;\" class=\"wp-video\"><video class=\"wp-video-shortcode\" id=\"video-1685-1\" width=\"640\" height=\"360\" preload=\"metadata\" controls=\"controls\"><source type=\"video\/mp4\" src=\"https:\/\/blogs.correiobraziliense.com.br\/4elementos\/wp-content\/uploads\/sites\/53\/2020\/10\/GP1SUG2Y_Preview-1.mp4?_=1\" \/><a href=\"https:\/\/blogs.correiobraziliense.com.br\/4elementos\/wp-content\/uploads\/sites\/53\/2020\/10\/GP1SUG2Y_Preview-1.mp4\">https:\/\/blogs.correiobraziliense.com.br\/4elementos\/wp-content\/uploads\/sites\/53\/2020\/10\/GP1SUG2Y_Preview-1.mp4<\/a><\/video><\/div>\n<p>&nbsp;<\/p>\n<h3><\/h3>\n<h3>Brasil em chamas<\/h3>\n<p>\u201cCom essas a\u00e7\u00f5es queremos n\u00e3o apenas chamar a aten\u00e7\u00e3o para a destrui\u00e7\u00e3o sem precedentes do patrim\u00f4nio ambiental dos brasileiros, como tamb\u00e9m apontar as causas e seus respons\u00e1veis. O Brasil est\u00e1, literalmente, em chamas, gra\u00e7as \u00e0 pol\u00edtica incendi\u00e1ria do atual governo que, em vez de apresentar a\u00e7\u00f5es coordenadas e efetivas de prote\u00e7\u00e3o ao meio ambiente e \u00e0 vida das pessoas, segue tocando a melodia desvairada do seu projeto de destrui\u00e7\u00e3o, queimando a biodiversidade brasileira e fragilizando a j\u00e1 combalida economia do pa\u00eds\u201d, afirma Tica Minami, diretora de programas do Greenpeace Brasil.<\/p>\n<p>Desde o primeiro dia de mandato, o governo Bolsonaro colocou em a\u00e7\u00e3o seu \u00fanico plano concreto, o de promover o desmonte sistem\u00e1tico das estruturas e pol\u00edticas p\u00fablicas de prote\u00e7\u00e3o ambiental. Como resultado, ele queima uma marca extremamente valiosa chamada Brasil. Investidores, empres\u00e1rios, banqueiros, chefes de Estado e entidades nacionais e estrangeiras j\u00e1 advertiram que n\u00e3o querem estar associados a pr\u00e1tica de crimes ambientais e devem retirar investimentos do pa\u00eds, num momento em que o Brasil passa por uma crise econ\u00f4mica profunda.<\/p>\n<p>Somente em setembro, houve um aumento de 180,7% dos focos de calor no Pantanal e 60,6% na Amaz\u00f4nia, quando comparados ao mesmo per\u00edodo do ano passado. E isso n\u00e3o \u00e9 um fato isolado &#8211; comparando com a s\u00e9rie hist\u00f3rica desde 1998 para setembro, as queimadas foram as mais severas para o Pantanal e o segundo pior ano para Amaz\u00f4nia desde 2010. Os dados deste ano mostram que entre janeiro e os primeiros 7 dias de outubro, houve um aumento de 18% no n\u00famero de focos de calor registrados na Amaz\u00f4nia e 215% nos focos registrados no Pantanal, em rela\u00e7\u00e3o ao mesmo per\u00edodo em 2019.<\/p>\n<p>\u201cQuem ama o Brasil, cuida. \u00c9 por amor ao pa\u00eds que ONGs, ind\u00edgenas, volunt\u00e1rios, banqueiros e empres\u00e1rios est\u00e3o se organizando para proteger o maior patrim\u00f4nio dos brasileiros: nossas riquezas naturais. Em vez de negar as evid\u00eancias, usar dados falsos para confundir a popula\u00e7\u00e3o e ignorar sua responsabilidade, o governo federal deve reverter imediatamente o desmonte da pol\u00edtica de prote\u00e7\u00e3o ambiental do pa\u00eds, fortalecendo os \u00f3rg\u00e3os de fiscaliza\u00e7\u00e3o e controle, fazendo bom uso do or\u00e7amento para fiscaliza\u00e7\u00e3o em campo, valorizando a ci\u00eancia e dando transpar\u00eancia aos dados para combater o desmatamento e os crimes ambientais\u201d, finaliza Minami.<\/p>\n<p>ASSISTA <a href=\"https:\/\/media.greenpeace.org\/CS.aspx?VP3=SearchResult&amp;ALID=27MDHU7YVR2&amp;RW=1280&amp;RH=610&amp;RW=1280&amp;RH=610#\/SearchResult&amp;ALID=27MDHU7YVR2&amp;RW=1280&amp;RH=610&amp;VBID=27MDQ5FR0SRK\">AQUI<\/a><\/p>\n","protected":false},"excerpt":{"rendered":"<p>A\u00e7\u00e3o exp\u00f5e responsabilidade do governo pela pior crise ambiental j\u00e1 enfrentada pelo pa\u00eds, chama presidente de Bolsonero, em alus\u00e3o ao imperador incendi\u00e1rio de Roma, com mensagem &#8220;P\u00e1tria queimada, Brasil&#8221;. Em uma \u00e1rea devastada pelas queimadas no Pantanal, ativistas do Greenpeace Brasil ergueram uma est\u00e1tua de quatro metros de \u201cBolsonero\u201d e escreveram a mensagem \u201cP\u00e1tria queimada, Brasil\u201d com letras gigantes para [&hellip;]<\/p>\n","protected":false},"author":114,"featured_media":0,"comment_status":"open","ping_status":"open","sticky":false,"template":"","format":"standard","meta":{"footnotes":""},"categories":[242],"tags":[4,91,80,401,167,143,93],"class_list":["post-1685","post","type-post","status-publish","format-standard","hentry","category-denuncia","tag-4elementos1planeta","tag-amazonia","tag-ambientalistas","tag-bolsonero","tag-greenpeace","tag-pantanal","tag-queimadas"],"_links":{"self":[{"href":"https:\/\/blogs.correiobraziliense.com.br\/4elementos\/wp-json\/wp\/v2\/posts\/1685","targetHints":{"allow":["GET"]}}],"collection":[{"href":"https:\/\/blogs.correiobraziliense.com.br\/4elementos\/wp-json\/wp\/v2\/posts"}],"about":[{"href":"https:\/\/blogs.correiobraziliense.com.br\/4elementos\/wp-json\/wp\/v2\/types\/post"}],"author":[{"embeddable":true,"href":"https:\/\/blogs.correiobraziliense.com.br\/4elementos\/wp-json\/wp\/v2\/users\/114"}],"replies":[{"embeddable":true,"href":"https:\/\/blogs.correiobraziliense.com.br\/4elementos\/wp-json\/wp\/v2\/comments?post=1685"}],"version-history":[{"count":3,"href":"https:\/\/blogs.correiobraziliense.com.br\/4elementos\/wp-json\/wp\/v2\/posts\/1685\/revisions"}],"predecessor-version":[{"id":1689,"href":"https:\/\/blogs.correiobraziliense.com.br\/4elementos\/wp-json\/wp\/v2\/posts\/1685\/revisions\/1689"}],"wp:attachment":[{"href":"https:\/\/blogs.correiobraziliense.com.br\/4elementos\/wp-json\/wp\/v2\/media?parent=1685"}],"wp:term":[{"taxonomy":"category","embeddable":true,"href":"https:\/\/blogs.correiobraziliense.com.br\/4elementos\/wp-json\/wp\/v2\/categories?post=1685"},{"taxonomy":"post_tag","embeddable":true,"href":"https:\/\/blogs.correiobraziliense.com.br\/4elementos\/wp-json\/wp\/v2\/tags?post=1685"}],"curies":[{"name":"wp","href":"https:\/\/api.w.org\/{rel}","templated":true}]}}