{"id":1675,"date":"2020-10-02T10:39:11","date_gmt":"2020-10-02T13:39:11","guid":{"rendered":"https:\/\/blogs.correiobraziliense.com.br\/4elementos\/?p=1675"},"modified":"2020-10-02T10:39:11","modified_gmt":"2020-10-02T13:39:11","slug":"ministerio-do-meio-ambiente-cria-grupo-de-trabalho-para-fundir-ibama-e-icmbio","status":"publish","type":"post","link":"https:\/\/blogs.correiobraziliense.com.br\/4elementos\/2020\/10\/02\/ministerio-do-meio-ambiente-cria-grupo-de-trabalho-para-fundir-ibama-e-icmbio\/","title":{"rendered":"Minist\u00e9rio do Meio Ambiente cria grupo de trabalho para fundir Ibama e ICMBio"},"content":{"rendered":"<h2><em>Grupo ter\u00e1 120 dias para elaborar um relat\u00f3rio com a an\u00e1lise de sinergias e ganhos de efici\u00eancia em caso de fus\u00e3o de Ibama e ICMBio.<\/em><\/h2>\n<p><span style=\"font-weight: 400\">O Minist\u00e9rio do Meio Ambiente est\u00e1 decidido \u00e0 fundir o Instituto Brasileiro do Meio Ambiente e dos Recursos Naturais Renov\u00e1veis (Ibama) e o Instituto Chico Mendes de Conserva\u00e7\u00e3o da Biodiversidades (ICMBio). Em portaria publicada nesta sexta-feira (2\/10), o ministro Ricardo Salles criou um grupo de trabalho, no \u00e2mbito do MMA e entidades vinculadas, para \u201can\u00e1lise de sinergias e ganhos de efici\u00eancia em caso de fus\u00e3o\u201d dos dois \u00f3rg\u00e3os.<\/span><\/p>\n<figure id=\"attachment_568\" aria-describedby=\"caption-attachment-568\" style=\"width: 196px\" class=\"wp-caption alignleft\"><img loading=\"lazy\" decoding=\"async\" class=\"wp-image-568 size-medium\" src=\"https:\/\/blogs.correiobraziliense.com.br\/4elementos\/wp-content\/uploads\/sites\/53\/2019\/11\/salles-196x300.jpg\" alt=\"\" width=\"196\" height=\"300\" srcset=\"https:\/\/blogs.correiobraziliense.com.br\/4elementos\/wp-content\/uploads\/sites\/53\/2019\/11\/salles-196x300.jpg 196w, https:\/\/blogs.correiobraziliense.com.br\/4elementos\/wp-content\/uploads\/sites\/53\/2019\/11\/salles-230x351.jpg 230w, https:\/\/blogs.correiobraziliense.com.br\/4elementos\/wp-content\/uploads\/sites\/53\/2019\/11\/salles.jpg 448w\" sizes=\"auto, (max-width: 196px) 100vw, 196px\" \/><figcaption id=\"caption-attachment-568\" class=\"wp-caption-text\">Ministro do Meio Ambiente, Ricardo Salles<\/figcaption><\/figure>\n<p><span style=\"font-weight: 400\">Segundo a Portaria n\u00ba 524, de 1\u00ba de outubro de 2020, o grupo de trabalho ter\u00e1 a seguinte composi\u00e7\u00e3o: Secretaria Executiva do Minist\u00e9rio do Meio Ambiente, que o coordenar\u00e1; Presid\u00eancia do Ibama; Presid\u00eancia do Instituto Chico Mendes; Diretoria de Planejamento, Administra\u00e7\u00e3o e Log\u00edstica do Ibama; Diretoria de Planejamento, Administra\u00e7\u00e3o e Log\u00edstica do Instituto Chico Mendes; Diretoria de Prote\u00e7\u00e3o Ambiental do Ibama; e Diretoria de Pesquisa, Avalia\u00e7\u00e3o e Monitoramento da Biodiversidade do ICMBio.<\/span><\/p>\n<p><span style=\"font-weight: 400\">\u201cO grupo dever\u00e1 concluir seus trabalhos no prazo de 120 dias, contados da primeira reuni\u00e3o realizada. O ministro do Meio Ambiente poder\u00e1 prorrogar o prazo do caput por id\u00eantico per\u00edodo\u201d, informou a portaria. O GT se reunir\u00e1 com a presen\u00e7a de, pelo menos, quatro membros, e deliberar\u00e1 por maioria relativa. Caber\u00e1 ao representante da secretaria executiva do MMA, al\u00e9m de seu voto ordin\u00e1rio, o de qualidade em caso de empate. As reuni\u00f5es podem ocorrer de modo presencial ou virtualmente.<\/span><\/p>\n<p><span style=\"font-weight: 400\">O GT se reunir\u00e1 ordinariamente um vez por semana, a crit\u00e9rio de seu coordenador e as reuni\u00f5es extraordin\u00e1rias podem ser solicitadas por qualquer membro, cabendo \u00e0 secretaria executiva do MMA a an\u00e1lise do pedido, conforme a conveni\u00eancia e oportunidade do caso. Tamb\u00e9m poder\u00e1 convidar pessoas ou entidades externas que possam colaborar com os trabalhos, sem direito a voto.\u00a0<\/span><\/p>\n<p><span style=\"font-weight: 400\">Ao fim dos trabalhos, dever\u00e1 ser elaborado relat\u00f3rio circunstanciado sobre o tema. \u201cA participa\u00e7\u00e3o no Grupo de Trabalho ser\u00e1 considerada presta\u00e7\u00e3o de servi\u00e7o p\u00fablico relevante, n\u00e3o remunerada\u201d, concluiu a portaria, que entra em vigor nesta sexta-feira.\u00a0<\/span><\/p>\n","protected":false},"excerpt":{"rendered":"<p>Grupo ter\u00e1 120 dias para elaborar um relat\u00f3rio com a an\u00e1lise de sinergias e ganhos de efici\u00eancia em caso de fus\u00e3o de Ibama e ICMBio. O Minist\u00e9rio do Meio Ambiente est\u00e1 decidido \u00e0 fundir o Instituto Brasileiro do Meio Ambiente e dos Recursos Naturais Renov\u00e1veis (Ibama) e o Instituto Chico Mendes de Conserva\u00e7\u00e3o da Biodiversidades (ICMBio). Em portaria publicada nesta [&hellip;]<\/p>\n","protected":false},"author":114,"featured_media":0,"comment_status":"open","ping_status":"open","sticky":false,"template":"","format":"standard","meta":{"footnotes":""},"categories":[3],"tags":[4,396,148,395,168],"class_list":["post-1675","post","type-post","status-publish","format-standard","hentry","category-meio-ambiente","tag-4elementos1planeta","tag-fusao","tag-ibama","tag-icmbio","tag-mma"],"_links":{"self":[{"href":"https:\/\/blogs.correiobraziliense.com.br\/4elementos\/wp-json\/wp\/v2\/posts\/1675","targetHints":{"allow":["GET"]}}],"collection":[{"href":"https:\/\/blogs.correiobraziliense.com.br\/4elementos\/wp-json\/wp\/v2\/posts"}],"about":[{"href":"https:\/\/blogs.correiobraziliense.com.br\/4elementos\/wp-json\/wp\/v2\/types\/post"}],"author":[{"embeddable":true,"href":"https:\/\/blogs.correiobraziliense.com.br\/4elementos\/wp-json\/wp\/v2\/users\/114"}],"replies":[{"embeddable":true,"href":"https:\/\/blogs.correiobraziliense.com.br\/4elementos\/wp-json\/wp\/v2\/comments?post=1675"}],"version-history":[{"count":1,"href":"https:\/\/blogs.correiobraziliense.com.br\/4elementos\/wp-json\/wp\/v2\/posts\/1675\/revisions"}],"predecessor-version":[{"id":1676,"href":"https:\/\/blogs.correiobraziliense.com.br\/4elementos\/wp-json\/wp\/v2\/posts\/1675\/revisions\/1676"}],"wp:attachment":[{"href":"https:\/\/blogs.correiobraziliense.com.br\/4elementos\/wp-json\/wp\/v2\/media?parent=1675"}],"wp:term":[{"taxonomy":"category","embeddable":true,"href":"https:\/\/blogs.correiobraziliense.com.br\/4elementos\/wp-json\/wp\/v2\/categories?post=1675"},{"taxonomy":"post_tag","embeddable":true,"href":"https:\/\/blogs.correiobraziliense.com.br\/4elementos\/wp-json\/wp\/v2\/tags?post=1675"}],"curies":[{"name":"wp","href":"https:\/\/api.w.org\/{rel}","templated":true}]}}