{"id":1629,"date":"2020-09-22T18:56:16","date_gmt":"2020-09-22T21:56:16","guid":{"rendered":"https:\/\/blogs.correiobraziliense.com.br\/4elementos\/?p=1629"},"modified":"2020-09-22T18:56:16","modified_gmt":"2020-09-22T21:56:16","slug":"onu-confira-cobertura-do-correio-do-discurso-de-bolsonaro-na-75a-assembleia","status":"publish","type":"post","link":"https:\/\/blogs.correiobraziliense.com.br\/4elementos\/2020\/09\/22\/onu-confira-cobertura-do-correio-do-discurso-de-bolsonaro-na-75a-assembleia\/","title":{"rendered":"ONU: confira cobertura do Correio do discurso de Bolsonaro na 75\u00aa Assembleia"},"content":{"rendered":"<h2><strong>Na 75\u00aa Assembl\u00e9ia das Na\u00e7\u00f5es Unidas (ONU):<\/strong><\/h2>\n<h2><a href=\"https:\/\/www.correiobraziliense.com.br\/politica\/2020\/09\/4877024-bolsonaro-diz-que-brasil-e-vitima-de-campanha-de-desinformacao-sobre-amazonia.html\">Bolsonaro diz que Brasil \u00e9 v\u00edtima de campanha de desinforma\u00e7\u00e3o sobre Amaz\u00f4nia<\/a><\/h2>\n<h2><a href=\"https:\/\/www.correiobraziliense.com.br\/politica\/2020\/09\/4877045-observatorio-do-clima-diz-que-discurso-de-bolsonaro-afugenta-investidores.html\">Observat\u00f3rio do Clima diz que discurso de Bolsonaro afugenta investidores<\/a><\/h2>\n<h2><a href=\"https:\/\/www.correiobraziliense.com.br\/politica\/2020\/09\/4877056-greenpeace-diz-que-discurso-negacionista-de-bolsonaro-isola-o-brasil.html\">Greenpeace diz que discurso negacionista de Bolsonaro isola o Brasil<\/a><\/h2>\n<h2><a href=\"https:\/\/www.correiobraziliense.com.br\/politica\/2020\/09\/4877132-fracasso-no-acordo-mercosul-ue-pode-agravar-crise-ambiental-diz-governo.html\">Fracasso no acordo Mercosul-UE pode agravar crise ambiental, diz governo<\/a><\/h2>\n<blockquote class=\"wp-embedded-content\" data-secret=\"dzT1FXw4Y4\"><p><a href=\"https:\/\/blogs.correiobraziliense.com.br\/vicente\/militares-estao-em-extase-com-discurso-de-bolsonaro-na-onu\/\">Militares est\u00e3o em \u00eaxtase com discurso de Bolsonaro na ONU<\/a><\/p><\/blockquote>\n<p><iframe loading=\"lazy\" class=\"wp-embedded-content\" sandbox=\"allow-scripts\" security=\"restricted\" style=\"position: absolute; clip: rect(1px, 1px, 1px, 1px);\" src=\"https:\/\/blogs.correiobraziliense.com.br\/vicente\/militares-estao-em-extase-com-discurso-de-bolsonaro-na-onu\/embed\/#?secret=dzT1FXw4Y4\" data-secret=\"dzT1FXw4Y4\" width=\"600\" height=\"338\" title=\"&#8220;Militares est\u00e3o em \u00eaxtase com discurso de Bolsonaro na ONU&#8221; &#8212; Blog do Vicente\" frameborder=\"0\" marginwidth=\"0\" marginheight=\"0\" scrolling=\"no\"><\/iframe><\/p>\n<h1><\/h1>\n","protected":false},"excerpt":{"rendered":"<p>Na 75\u00aa Assembl\u00e9ia das Na\u00e7\u00f5es Unidas (ONU): Bolsonaro diz que Brasil \u00e9 v\u00edtima de campanha de desinforma\u00e7\u00e3o sobre Amaz\u00f4nia Observat\u00f3rio do Clima diz que discurso de Bolsonaro afugenta investidores Greenpeace diz que discurso negacionista de Bolsonaro isola o Brasil Fracasso no acordo Mercosul-UE pode agravar crise ambiental, diz governo Militares est\u00e3o em \u00eaxtase com discurso de Bolsonaro na ONU<\/p>\n","protected":false},"author":114,"featured_media":1634,"comment_status":"open","ping_status":"open","sticky":false,"template":"","format":"standard","meta":{"footnotes":""},"categories":[1],"tags":[],"class_list":["post-1629","post","type-post","status-publish","format-standard","has-post-thumbnail","hentry","category-sem-categoria"],"_links":{"self":[{"href":"https:\/\/blogs.correiobraziliense.com.br\/4elementos\/wp-json\/wp\/v2\/posts\/1629","targetHints":{"allow":["GET"]}}],"collection":[{"href":"https:\/\/blogs.correiobraziliense.com.br\/4elementos\/wp-json\/wp\/v2\/posts"}],"about":[{"href":"https:\/\/blogs.correiobraziliense.com.br\/4elementos\/wp-json\/wp\/v2\/types\/post"}],"author":[{"embeddable":true,"href":"https:\/\/blogs.correiobraziliense.com.br\/4elementos\/wp-json\/wp\/v2\/users\/114"}],"replies":[{"embeddable":true,"href":"https:\/\/blogs.correiobraziliense.com.br\/4elementos\/wp-json\/wp\/v2\/comments?post=1629"}],"version-history":[{"count":10,"href":"https:\/\/blogs.correiobraziliense.com.br\/4elementos\/wp-json\/wp\/v2\/posts\/1629\/revisions"}],"predecessor-version":[{"id":1643,"href":"https:\/\/blogs.correiobraziliense.com.br\/4elementos\/wp-json\/wp\/v2\/posts\/1629\/revisions\/1643"}],"wp:featuredmedia":[{"embeddable":true,"href":"https:\/\/blogs.correiobraziliense.com.br\/4elementos\/wp-json\/wp\/v2\/media\/1634"}],"wp:attachment":[{"href":"https:\/\/blogs.correiobraziliense.com.br\/4elementos\/wp-json\/wp\/v2\/media?parent=1629"}],"wp:term":[{"taxonomy":"category","embeddable":true,"href":"https:\/\/blogs.correiobraziliense.com.br\/4elementos\/wp-json\/wp\/v2\/categories?post=1629"},{"taxonomy":"post_tag","embeddable":true,"href":"https:\/\/blogs.correiobraziliense.com.br\/4elementos\/wp-json\/wp\/v2\/tags?post=1629"}],"curies":[{"name":"wp","href":"https:\/\/api.w.org\/{rel}","templated":true}]}}