{"id":1623,"date":"2020-09-18T21:11:09","date_gmt":"2020-09-19T00:11:09","guid":{"rendered":"https:\/\/blogs.correiobraziliense.com.br\/4elementos\/?p=1623"},"modified":"2020-09-18T21:11:09","modified_gmt":"2020-09-19T00:11:09","slug":"lesa-patria-apib-responde-a-acusacao-do-general-heleno-em-rede-social","status":"publish","type":"post","link":"https:\/\/blogs.correiobraziliense.com.br\/4elementos\/2020\/09\/18\/lesa-patria-apib-responde-a-acusacao-do-general-heleno-em-rede-social\/","title":{"rendered":"Lesa-p\u00e1tria: APIB responde \u00e0 acusa\u00e7\u00e3o do general Heleno em rede social"},"content":{"rendered":"<h2><em><span style=\"font-weight: 400\">A Articula\u00e7\u00e3o dos Povos Ind\u00edgenas do Brasil promete medidas cab\u00edveis e diz que as acusa\u00e7\u00f5es s\u00e3o irrespons\u00e1veis, pois colocam em risco a seguran\u00e7a pessoal de Sonia Guajajara, l\u00edder ind\u00edgena<\/span><\/em><\/h2>\n<p><span style=\"font-weight: 400\">O ministro-chefe do Gabinete de Seguran\u00e7a Institucional (GSI) da Presid\u00eancia da Rep\u00fablica, general Augusto Heleno, publicou mensagem em rede social acusando a Articula\u00e7\u00e3o dos Povos Ind\u00edgenas do Brasil (APIB) de crime de lesa-p\u00e1tria. A APIB recha\u00e7ou a declara\u00e7\u00e3o, tamb\u00e9m via rede social, e promete tomar as medidas cab\u00edveis. \u201cAs acusa\u00e7\u00f5es, al\u00e9m de levianas e mentirosas, s\u00e3o irrespons\u00e1veis, pois colocam em risco a seguran\u00e7a pessoal dos citados\u201d, sustentou a APIB.<\/span><\/p>\n<p><img loading=\"lazy\" decoding=\"async\" class=\"alignright wp-image-1624 size-medium\" src=\"https:\/\/blogs.correiobraziliense.com.br\/4elementos\/wp-content\/uploads\/sites\/53\/2020\/09\/gen.-heleno-300x251.jpg\" alt=\"\" width=\"300\" height=\"251\" srcset=\"https:\/\/blogs.correiobraziliense.com.br\/4elementos\/wp-content\/uploads\/sites\/53\/2020\/09\/gen.-heleno-300x251.jpg 300w, https:\/\/blogs.correiobraziliense.com.br\/4elementos\/wp-content\/uploads\/sites\/53\/2020\/09\/gen.-heleno-230x192.jpg 230w, https:\/\/blogs.correiobraziliense.com.br\/4elementos\/wp-content\/uploads\/sites\/53\/2020\/09\/gen.-heleno.jpg 535w\" sizes=\"auto, (max-width: 300px) 100vw, 300px\" \/><\/p>\n<p><span style=\"font-weight: 400\">Em post no Instagram, o general Heleno publicou: \u201cA Articula\u00e7\u00e3o dos Povos Ind\u00edgenas do Brasil est\u00e1 por tr\u00e1s do site defundbolsonaro.org, cujos objetivos s\u00e3o publicar fake news contra o Brasil; imputar crimes ambientais ao presidente da Rep\u00fablica;e apoiar campanhas internacionais, em prol de um boicote mundial contra produtos brasileiros. A administra\u00e7\u00e3o da organiza\u00e7\u00e3o \u00e9 de brasileiros filiados a partidos de esquerda. A Emergency APIB \u00e9 presidida pela ind\u00edgena S\u00f4nia Guajajara, militante do PSol e ligada ao ator Leonardo DiCaprio, cr\u00edtico ferrenho do nosso pa\u00eds. O site da Apib se associa a diversos outros, que tb (sic) trabalham 24 horas por dia, para manchar a nossa imagem no exterior, em um crime de lesa-p\u00e1tria.\u201d<\/span><\/p>\n<p><span style=\"font-weight: 400\">Em nota p\u00fablica, tamb\u00e9m divulgada no Instagram, a APIB respondeu com o t\u00edtulo \u201cA omiss\u00e3o lesa a p\u00e1tria\u201d. \u201cEnquanto o governo federal assiste passivo aos inc\u00eandios criminais que tomaram o pa\u00eds, o chefe do Gabinete de Seguran\u00e7a Institucional, general Heleno, publicou em suas redes sociais uma grave acusa\u00e7\u00e3o. Disse que a Articula\u00e7\u00e3o dos Povos Ind\u00edgenas do Brasil (APIB) e uma de suas lideran\u00e7as, Sonia Guajajara, cometeram crime de lesa-p\u00e1tria\u201d, est\u00e1 no post.<\/span><\/p>\n<p><span style=\"font-weight: 400\"><img loading=\"lazy\" decoding=\"async\" class=\"wp-image-1625 size-medium alignleft\" src=\"https:\/\/blogs.correiobraziliense.com.br\/4elementos\/wp-content\/uploads\/sites\/53\/2020\/09\/apib-300x300.png\" alt=\"\" width=\"300\" height=\"300\" srcset=\"https:\/\/blogs.correiobraziliense.com.br\/4elementos\/wp-content\/uploads\/sites\/53\/2020\/09\/apib-300x300.png 300w, https:\/\/blogs.correiobraziliense.com.br\/4elementos\/wp-content\/uploads\/sites\/53\/2020\/09\/apib-150x150.png 150w, https:\/\/blogs.correiobraziliense.com.br\/4elementos\/wp-content\/uploads\/sites\/53\/2020\/09\/apib-230x230.png 230w, https:\/\/blogs.correiobraziliense.com.br\/4elementos\/wp-content\/uploads\/sites\/53\/2020\/09\/apib.png 541w\" sizes=\"auto, (max-width: 300px) 100vw, 300px\" \/>\u201cA APIB recha\u00e7a a declara\u00e7\u00e3o. E entende que o maior crime que lesa nossa p\u00e1tria \u00e9 a omiss\u00e3o do governo diante da destrui\u00e7\u00e3o de nossos biomas, das \u00e1reas protegidas, das queimadas ilegais, da grilagem, do desmatamento e da invas\u00e3o de nossas terras e do roubo das nossas riquezas. \u00c0s v\u00e9speras da Assembl\u00e9ia Geral das Na\u00e7\u00f5es Unidas, o mundo todo est\u00e1 testemunhando esse crime &#8212; grande demais para ser ocultado. Em vez de atacar indiv\u00edduos que trabalham pela prote\u00e7\u00e3o do meio ambiente e garantia dos direitos dos povos ind\u00edgenas, as autoridades deveriam neste momento cumprir seus juramentos constitucionais e apresentar \u00e0 na\u00e7\u00e3o um plano para enfrentar esses inc\u00eandios que afligem o pa\u00eds. E assim proteger, inclusive, a economia e a reputa\u00e7\u00e3o nacional. As acusa\u00e7\u00f5es, al\u00e9m de levianas e mentirosas, s\u00e3o irrespons\u00e1veis, pois colocam em risco a seguran\u00e7a pessoal dos citados. A APIB estudar\u00e1 as medidas cab\u00edveis.\u201d<\/span><\/p>\n<p>&nbsp;<\/p>\n","protected":false},"excerpt":{"rendered":"<p>A Articula\u00e7\u00e3o dos Povos Ind\u00edgenas do Brasil promete medidas cab\u00edveis e diz que as acusa\u00e7\u00f5es s\u00e3o irrespons\u00e1veis, pois colocam em risco a seguran\u00e7a pessoal de Sonia Guajajara, l\u00edder ind\u00edgena O ministro-chefe do Gabinete de Seguran\u00e7a Institucional (GSI) da Presid\u00eancia da Rep\u00fablica, general Augusto Heleno, publicou mensagem em rede social acusando a Articula\u00e7\u00e3o dos Povos Ind\u00edgenas do Brasil (APIB) de crime [&hellip;]<\/p>\n","protected":false},"author":114,"featured_media":1625,"comment_status":"open","ping_status":"open","sticky":false,"template":"","format":"standard","meta":{"footnotes":""},"categories":[255],"tags":[362,382,383,384,385],"class_list":["post-1623","post","type-post","status-publish","format-standard","has-post-thumbnail","hentry","category-povos-indigenas","tag-defundbolsonaro","tag-apib","tag-general-heleno","tag-lesa-patria","tag-rede-social"],"_links":{"self":[{"href":"https:\/\/blogs.correiobraziliense.com.br\/4elementos\/wp-json\/wp\/v2\/posts\/1623","targetHints":{"allow":["GET"]}}],"collection":[{"href":"https:\/\/blogs.correiobraziliense.com.br\/4elementos\/wp-json\/wp\/v2\/posts"}],"about":[{"href":"https:\/\/blogs.correiobraziliense.com.br\/4elementos\/wp-json\/wp\/v2\/types\/post"}],"author":[{"embeddable":true,"href":"https:\/\/blogs.correiobraziliense.com.br\/4elementos\/wp-json\/wp\/v2\/users\/114"}],"replies":[{"embeddable":true,"href":"https:\/\/blogs.correiobraziliense.com.br\/4elementos\/wp-json\/wp\/v2\/comments?post=1623"}],"version-history":[{"count":3,"href":"https:\/\/blogs.correiobraziliense.com.br\/4elementos\/wp-json\/wp\/v2\/posts\/1623\/revisions"}],"predecessor-version":[{"id":1628,"href":"https:\/\/blogs.correiobraziliense.com.br\/4elementos\/wp-json\/wp\/v2\/posts\/1623\/revisions\/1628"}],"wp:featuredmedia":[{"embeddable":true,"href":"https:\/\/blogs.correiobraziliense.com.br\/4elementos\/wp-json\/wp\/v2\/media\/1625"}],"wp:attachment":[{"href":"https:\/\/blogs.correiobraziliense.com.br\/4elementos\/wp-json\/wp\/v2\/media?parent=1623"}],"wp:term":[{"taxonomy":"category","embeddable":true,"href":"https:\/\/blogs.correiobraziliense.com.br\/4elementos\/wp-json\/wp\/v2\/categories?post=1623"},{"taxonomy":"post_tag","embeddable":true,"href":"https:\/\/blogs.correiobraziliense.com.br\/4elementos\/wp-json\/wp\/v2\/tags?post=1623"}],"curies":[{"name":"wp","href":"https:\/\/api.w.org\/{rel}","templated":true}]}}