{"id":1564,"date":"2020-09-16T14:48:38","date_gmt":"2020-09-16T17:48:38","guid":{"rendered":"https:\/\/blogs.correiobraziliense.com.br\/4elementos\/?p=1564"},"modified":"2020-09-16T14:48:38","modified_gmt":"2020-09-16T17:48:38","slug":"agenda-verde-nao-pode-ser-deixada-de-lado-nas-eleicoes-municipais-de-2020","status":"publish","type":"post","link":"https:\/\/blogs.correiobraziliense.com.br\/4elementos\/2020\/09\/16\/agenda-verde-nao-pode-ser-deixada-de-lado-nas-eleicoes-municipais-de-2020\/","title":{"rendered":"Agenda verde n\u00e3o pode ser deixada de lado nas elei\u00e7\u00f5es municipais de 2020"},"content":{"rendered":"<h2 style=\"text-align: left\"><em><img loading=\"lazy\" decoding=\"async\" class=\"wp-image-1577 alignleft\" src=\"https:\/\/blogs.correiobraziliense.com.br\/4elementos\/wp-content\/uploads\/sites\/53\/2020\/09\/urna-eletronica-polemicas-eleicoes-150x150.jpg\" alt=\"\" width=\"143\" height=\"143\" \/>Cobre os candidatos: a pauta socioambiental afeta a vida e a sa\u00fade das pessoas e a economia das cidades<\/em><\/h2>\n<p><span style=\"font-weight: 400\">A agenda verde n\u00e3o pode ser colocada em segundo plano nas elei\u00e7\u00f5es de 2020. No entanto, por conta da pandemia da covid-19, a discuss\u00e3o sobre as quest\u00f5es econ\u00f4micas deve ser priorizada \u00e0 agenda ambiental nas disputas pelas prefeituras neste ano. Para os especialistas, isso ser\u00e1 um equ\u00edvoco, porque o debate socioambiental deveria pautar todos os candidatos aos cargos executivos e legislativos municipais. Para promover a agenda verde, algumas entidades buscam mostrar a import\u00e2ncia do tema para o desenvolvimento das cidades brasileiras a partir de pol\u00edticas p\u00fablicas com foco na preserva\u00e7\u00e3o do meio ambiente.\u00a0<\/span><\/p>\n<p><span style=\"font-weight: 400\">Para o deputado Rodrigo Agostinho (PSB\/SP), coordenador da Frente Parlamentar Ambientalista do Congresso Nacional, o tema \u00e9 muito importante, porque as cidades brasileiras vivem conflitos ambientais, ocupa\u00e7\u00f5es de \u00e1reas de preserva\u00e7\u00e3o permanente e de mananciais, al\u00e9m de enfrentarem problemas de abastecimento de \u00e1gua e de destina\u00e7\u00e3o final dos res\u00edduos s\u00f3lidos. \u201cMetade do Brasil \u00e9 ocupado por florestas, ent\u00e3o metade dos munic\u00edpios tem florestas. Al\u00e9m disso, temas como saneamento e qualidade do ar fazem parte da vida das cidades\u201d, defendeu.<\/span><\/p>\n<p><span style=\"font-weight: 400\">Segundo o parlamentar, existem munic\u00edpios que dependem do turismo de um parque nacional ou que t\u00eam toda a economia baseada na explora\u00e7\u00e3o de minera\u00e7\u00e3o, que \u00e9 uma produ\u00e7\u00e3o suja. \u201cO tema precisa ser reconhecido como uma das prioridades, mesmo que o assunto do momento seja sa\u00fade e economia, com gera\u00e7\u00e3o de emprego e renda, logo em seguida temos que preparar as cidades para mudan\u00e7as clim\u00e1ticas, quase metade o Brasil sofre com estiagem. Isso afeta a vida das pessoas, portanto a sa\u00fade e a economia\u201d, pontuou.<\/span><\/p>\n<h3><img loading=\"lazy\" decoding=\"async\" class=\"alignright wp-image-1566 \" src=\"https:\/\/blogs.correiobraziliense.com.br\/4elementos\/wp-content\/uploads\/sites\/53\/2020\/09\/agenda-verde-300x140.png\" alt=\"\" width=\"414\" height=\"193\" srcset=\"https:\/\/blogs.correiobraziliense.com.br\/4elementos\/wp-content\/uploads\/sites\/53\/2020\/09\/agenda-verde-300x140.png 300w, https:\/\/blogs.correiobraziliense.com.br\/4elementos\/wp-content\/uploads\/sites\/53\/2020\/09\/agenda-verde-230x107.png 230w, https:\/\/blogs.correiobraziliense.com.br\/4elementos\/wp-content\/uploads\/sites\/53\/2020\/09\/agenda-verde.png 512w\" sizes=\"auto, (max-width: 414px) 100vw, 414px\" \/><\/h3>\n<h3>Agenda verde<\/h3>\n<p><span style=\"font-weight: 400\">Rodrigo Perp\u00e9tuo, secret\u00e1rio-executivo para a Am\u00e9rica do Sul da organiza\u00e7\u00e3o Governos Locais pela Sustentabilidade (Iclei, na sigla em ingl\u00eas), ressaltou que a agenda ambiental n\u00e3o \u00e9 mais setorial. \u201cTemos que pensar em todas as din\u00e2micas, desde os processos de licenciamento e atividades produtivas, at\u00e9 crit\u00e9rios de compras p\u00fablicas, passando pela educa\u00e7\u00e3o\u201d, afirmou.\u00a0<\/span><\/p>\n<p><span style=\"font-weight: 400\">Ele lembrou que Recife, por exemplo, implementou a orienta\u00e7\u00e3o para que as escolas incorporem tem\u00e1ticas como os ODS (Objetivos para o Desenvolvimento Sustent\u00e1vel) e o enfrentamento de crises clim\u00e1ticas. \u201cAinda n\u00e3o \u00e9 debate priorit\u00e1rio por conta de um deficit de trabalho das universidades, ONGs e entidades representativas. \u00c9 uma miopia que estamos tentando mitigar\u201d, afirmou. O Iclei est\u00e1 criando uma plataforma de informa\u00e7\u00e3o aos candidatos, para que a agenda socioambiental seja priorit\u00e1ria. \u201cReconhe\u00e7o que n\u00e3o ser\u00e1 nesta elei\u00e7\u00e3o, porque \u00e9 um trabalho de m\u00e9dio prazo. Mas deve se tornar uma refer\u00eancia\u201d, destacou.<\/span><\/p>\n<p><span style=\"font-weight: 400\">Historicamente, no entanto, a pauta ambiental n\u00e3o d\u00e1 votos, reconhece Luiza Lima, da campanha de Pol\u00edticas P\u00fablicas do Greenpeace Brasil. \u201cIsso a gente observa em todas as elei\u00e7\u00f5es. O tema tira votos ou aumenta a rejei\u00e7\u00e3o de determinado candidato. Ningu\u00e9m se elege por bandeira ambiental, porque temos outras problem\u00e1ticas que entram na frente como prioridade\u201d, argumentou.<\/span><\/p>\n<h3>Agenda de futuro<\/h3>\n<p><span style=\"font-weight: 400\">Luiza acrescentou, contudo, que a pauta ambiental \u00e9, sobretudo, uma agenda de futuro. \u201cN\u00e3o sei se, este ano, teria tempo de avan\u00e7ar, mas h\u00e1 um aumento de conscientiza\u00e7\u00e3o do brasileiro sobre a associa\u00e7\u00e3o entre o meio ambiente e o futuro, a economia, a sa\u00fade. Quando a maioria considerar que n\u00e3o teremos sa\u00fade sem meio ambiente protegido, percebendo o impacto na economia, a agenda vai avan\u00e7ar. Cada vez mais os candidatos n\u00e3o v\u00e3o poder se eximir da responsabilidade\u201d, sustentou.\u00a0<\/span><\/p>\n<p><span style=\"font-weight: 400\">Nina Orlow, arquiteta, urbanista e integrante da Alian\u00e7a Res\u00edduo Zero Brasil, considera a pauta socioambiental priorit\u00e1ria por permear quest\u00f5es econ\u00f4micas e de bem-estar. \u201cA proposta de res\u00edduo zero precisa ser prioridade para os munic\u00edpios cumprirem a Pol\u00edtica Nacional de Res\u00edduos S\u00f3lidos. Ainda temos cidades sem coleta seletiva\u201d, afirmou. \u201cEstamos trabalhando com propostas para que os candidatos assinem, n\u00e3o s\u00f3 para o executivo, como tamb\u00e9m os candidatos a vereadores\u201d, destacou.\u00a0<\/span><\/p>\n","protected":false},"excerpt":{"rendered":"<p>Cobre os candidatos: a pauta socioambiental afeta a vida e a sa\u00fade das pessoas e a economia das cidades A agenda verde n\u00e3o pode ser colocada em segundo plano nas elei\u00e7\u00f5es de 2020. No entanto, por conta da pandemia da covid-19, a discuss\u00e3o sobre as quest\u00f5es econ\u00f4micas deve ser priorizada \u00e0 agenda ambiental nas disputas pelas prefeituras neste ano. Para [&hellip;]<\/p>\n","protected":false},"author":114,"featured_media":0,"comment_status":"open","ping_status":"open","sticky":false,"template":"","format":"standard","meta":{"footnotes":""},"categories":[247,57],"tags":[4,375,7,51,374,6,376,5],"class_list":["post-1564","post","type-post","status-publish","format-standard","hentry","category-cidadania","category-desenvolvimento-sustentavel","tag-4elementos1planeta","tag-agenda-verde","tag-conscientizacao","tag-desenvolvimento-sustentavel","tag-eleicoes-2020","tag-meio-ambiente","tag-pauta-socioambiental","tag-sustentabilidade"],"_links":{"self":[{"href":"https:\/\/blogs.correiobraziliense.com.br\/4elementos\/wp-json\/wp\/v2\/posts\/1564","targetHints":{"allow":["GET"]}}],"collection":[{"href":"https:\/\/blogs.correiobraziliense.com.br\/4elementos\/wp-json\/wp\/v2\/posts"}],"about":[{"href":"https:\/\/blogs.correiobraziliense.com.br\/4elementos\/wp-json\/wp\/v2\/types\/post"}],"author":[{"embeddable":true,"href":"https:\/\/blogs.correiobraziliense.com.br\/4elementos\/wp-json\/wp\/v2\/users\/114"}],"replies":[{"embeddable":true,"href":"https:\/\/blogs.correiobraziliense.com.br\/4elementos\/wp-json\/wp\/v2\/comments?post=1564"}],"version-history":[{"count":17,"href":"https:\/\/blogs.correiobraziliense.com.br\/4elementos\/wp-json\/wp\/v2\/posts\/1564\/revisions"}],"predecessor-version":[{"id":1583,"href":"https:\/\/blogs.correiobraziliense.com.br\/4elementos\/wp-json\/wp\/v2\/posts\/1564\/revisions\/1583"}],"wp:attachment":[{"href":"https:\/\/blogs.correiobraziliense.com.br\/4elementos\/wp-json\/wp\/v2\/media?parent=1564"}],"wp:term":[{"taxonomy":"category","embeddable":true,"href":"https:\/\/blogs.correiobraziliense.com.br\/4elementos\/wp-json\/wp\/v2\/categories?post=1564"},{"taxonomy":"post_tag","embeddable":true,"href":"https:\/\/blogs.correiobraziliense.com.br\/4elementos\/wp-json\/wp\/v2\/tags?post=1564"}],"curies":[{"name":"wp","href":"https:\/\/api.w.org\/{rel}","templated":true}]}}