{"id":156,"date":"2019-06-28T18:21:02","date_gmt":"2019-06-28T21:21:02","guid":{"rendered":"https:\/\/blogs.correiobraziliense.com.br\/4elementos\/?p=156"},"modified":"2019-06-28T18:21:02","modified_gmt":"2019-06-28T21:21:02","slug":"ecoera-cria-projeto-de-conscientizacao-do-uso-da-agua-na-industria-da-moda","status":"publish","type":"post","link":"https:\/\/blogs.correiobraziliense.com.br\/4elementos\/2019\/06\/28\/ecoera-cria-projeto-de-conscientizacao-do-uso-da-agua-na-industria-da-moda\/","title":{"rendered":"Ecoera cria projeto de conscientiza\u00e7\u00e3o do uso da \u00e1gua na ind\u00fastria da moda"},"content":{"rendered":"<p>Idealizada pelo Movimento Ecoera, a plataforma \u201cA Moda pela \u00c1gua\u201d foi criada como um espa\u00e7o de inova\u00e7\u00e3o, conhecimento, e transpar\u00eancia, onde as empresas, consumidores e ONGs se encontram e compartilham suas iniciativas referentes ao consumo consciente de \u00e1gua. \u201cA moda \u00e9 um rep\u00f3rter do seu tempo e hoje existe a necessidade de se falar sobre o uso respons\u00e1vel da \u00e1gua e de que forma isso afeta toda a ind\u00fastria\u201d, afirma Chiara Gadaleta, expert em sustentabilidade na moda e fundadora do movimento.<\/p>\n<p>At\u00e9 o momento, conta com gigantes do mercado como: Marisa, Grupo Lunelli, Vicunha T\u00eaxtil, Farm, Damyller e Abrapa. \u201cEstamos falando de um recurso vital para nossa sobreviv\u00eancia. Se de um lado temos uma escassez, de outro temos o excesso. Trata-se de uma responsabilidade compartilhada e cada um de n\u00f3s pode colaborar para que a moda se responsabilize pelo seu consumo de \u00e1gua\u201d, afirma Chiara.<\/p>\n<figure id=\"attachment_157\" aria-describedby=\"caption-attachment-157\" style=\"width: 1024px\" class=\"wp-caption alignright\"><img loading=\"lazy\" decoding=\"async\" class=\"wp-image-157 size-large\" src=\"https:\/\/blogs.correiobraziliense.com.br\/4elementos\/wp-content\/uploads\/sites\/53\/2019\/06\/grupo-guardi\u00e3s-da-\u00e1gua-1024x682.jpg\" alt=\"\" width=\"1024\" height=\"682\" srcset=\"https:\/\/blogs.correiobraziliense.com.br\/4elementos\/wp-content\/uploads\/sites\/53\/2019\/06\/grupo-guardi\u00e3s-da-\u00e1gua-1024x682.jpg 1024w, https:\/\/blogs.correiobraziliense.com.br\/4elementos\/wp-content\/uploads\/sites\/53\/2019\/06\/grupo-guardi\u00e3s-da-\u00e1gua-300x200.jpg 300w, https:\/\/blogs.correiobraziliense.com.br\/4elementos\/wp-content\/uploads\/sites\/53\/2019\/06\/grupo-guardi\u00e3s-da-\u00e1gua-768x512.jpg 768w, https:\/\/blogs.correiobraziliense.com.br\/4elementos\/wp-content\/uploads\/sites\/53\/2019\/06\/grupo-guardi\u00e3s-da-\u00e1gua-550x367.jpg 550w, https:\/\/blogs.correiobraziliense.com.br\/4elementos\/wp-content\/uploads\/sites\/53\/2019\/06\/grupo-guardi\u00e3s-da-\u00e1gua-230x153.jpg 230w, https:\/\/blogs.correiobraziliense.com.br\/4elementos\/wp-content\/uploads\/sites\/53\/2019\/06\/grupo-guardi\u00e3s-da-\u00e1gua.jpg 1280w\" sizes=\"auto, (max-width: 1024px) 100vw, 1024px\" \/><figcaption id=\"caption-attachment-157\" class=\"wp-caption-text\">Empres\u00e1rios da ind\u00fastria da moda que se tornaram os Guardi\u00f5es da \u00c1gua \/ Foto: Arquivo Pessoal Chiara Gadaleta<\/figcaption><\/figure>\n<p>A plataforma ser\u00e1 um ponto de encontro de todos os players do mercado da moda a fim de buscar solu\u00e7\u00f5es para o desperd\u00edcio de \u00e1gua. As empresas signat\u00e1rias far\u00e3o parte desse hub de marcas comprometidas com o uso consciente da \u00e1gua em toda a sua cadeia de valor.<\/p>\n<p>O objetivo \u00e9 fomentar a discuss\u00e3o sobre a tem\u00e1tica e disponibilizar um ambiente neutro no qual as empresas e consumidores finais forne\u00e7am e compartilhem informa\u00e7\u00f5es sobre suas pr\u00e1ticas para colaborar com a redu\u00e7\u00e3o do consumo de \u00e1gua, afastado da esfera institucional ou comercial.<\/p>\n<h3>Guardi\u00f5es da \u00e1gua<\/h3>\n<p>Os consumidores finais ter\u00e3o papel fundamental e poder\u00e3o participar da causa. Cada indiv\u00edduo se torna um agente respons\u00e1vel pela mudan\u00e7a e, por meio de newsletter e reports, os consumidores cadastrados na plataforma ter\u00e3o acesso \u00e0s informa\u00e7\u00f5es em torno do tema e poder\u00e3o participar com questionamentos, ideias e at\u00e9 cr\u00edticas e den\u00fancias \u00e0s empresas do setor.<\/p>\n<p>A miss\u00e3o do projeto \u00e9 criar um espa\u00e7o de intera\u00e7\u00e3o entre o p\u00fablico, de forma que todos se tornem Guardi\u00f5es da \u00c1gua.<\/p>\n<p>As empresas guardi\u00e3s far\u00e3o parte de um Grupo de Trabalho (GT) com encontros presenciais, palestras com especialistas e rodas de conversas. \u201cO consumo da \u00e1gua e a gest\u00e3o respons\u00e1vel do recurso h\u00eddrico \u00e9 um problema comum na ind\u00fastria da moda, portanto as solu\u00e7\u00f5es podem e devem ser encontradas de forma conjunta\u201d, explica Chiara. Os resultados de um ano de trocas e pesquisas ser\u00e3o apresentados no dia 20 mar\u00e7o de 2020 na ocasi\u00e3o do Dia Mundial da \u00c1gua, quando acontecer\u00e1 o primeiro Summit em torno do tema para o mercado de moda. Agentes do terceiro setor, empresas e consumidores finais ir\u00e3o participar de mesas redondas, debates e pain\u00e9is sobre os pr\u00f3ximos passos em rela\u00e7\u00e3o ao uso respons\u00e1vel da \u00e1gua na moda.<\/p>\n","protected":false},"excerpt":{"rendered":"<p>Idealizada pelo Movimento Ecoera, a plataforma \u201cA Moda pela \u00c1gua\u201d foi criada como um espa\u00e7o de inova\u00e7\u00e3o, conhecimento, e transpar\u00eancia, onde as empresas, consumidores e ONGs se encontram e compartilham suas iniciativas referentes ao consumo consciente de \u00e1gua. \u201cA moda \u00e9 um rep\u00f3rter do seu tempo e hoje existe a necessidade de se falar sobre o uso respons\u00e1vel da \u00e1gua [&hellip;]<\/p>\n","protected":false},"author":114,"featured_media":0,"comment_status":"open","ping_status":"open","sticky":false,"template":"","format":"standard","meta":{"footnotes":""},"categories":[10,2],"tags":[12,37,38,35,36,5],"class_list":["post-156","post","type-post","status-publish","format-standard","hentry","category-agua","category-sustentabilidade","tag-agua","tag-ecoera","tag-guardioes-da-agua","tag-moda","tag-preservacao","tag-sustentabilidade"],"_links":{"self":[{"href":"https:\/\/blogs.correiobraziliense.com.br\/4elementos\/wp-json\/wp\/v2\/posts\/156","targetHints":{"allow":["GET"]}}],"collection":[{"href":"https:\/\/blogs.correiobraziliense.com.br\/4elementos\/wp-json\/wp\/v2\/posts"}],"about":[{"href":"https:\/\/blogs.correiobraziliense.com.br\/4elementos\/wp-json\/wp\/v2\/types\/post"}],"author":[{"embeddable":true,"href":"https:\/\/blogs.correiobraziliense.com.br\/4elementos\/wp-json\/wp\/v2\/users\/114"}],"replies":[{"embeddable":true,"href":"https:\/\/blogs.correiobraziliense.com.br\/4elementos\/wp-json\/wp\/v2\/comments?post=156"}],"version-history":[{"count":1,"href":"https:\/\/blogs.correiobraziliense.com.br\/4elementos\/wp-json\/wp\/v2\/posts\/156\/revisions"}],"predecessor-version":[{"id":158,"href":"https:\/\/blogs.correiobraziliense.com.br\/4elementos\/wp-json\/wp\/v2\/posts\/156\/revisions\/158"}],"wp:attachment":[{"href":"https:\/\/blogs.correiobraziliense.com.br\/4elementos\/wp-json\/wp\/v2\/media?parent=156"}],"wp:term":[{"taxonomy":"category","embeddable":true,"href":"https:\/\/blogs.correiobraziliense.com.br\/4elementos\/wp-json\/wp\/v2\/categories?post=156"},{"taxonomy":"post_tag","embeddable":true,"href":"https:\/\/blogs.correiobraziliense.com.br\/4elementos\/wp-json\/wp\/v2\/tags?post=156"}],"curies":[{"name":"wp","href":"https:\/\/api.w.org\/{rel}","templated":true}]}}