{"id":1513,"date":"2020-09-08T15:05:27","date_gmt":"2020-09-08T18:05:27","guid":{"rendered":"https:\/\/blogs.correiobraziliense.com.br\/4elementos\/?p=1513"},"modified":"2020-09-08T15:39:56","modified_gmt":"2020-09-08T18:39:56","slug":"ibama-lanca-sistema-digital-antifraude-para-controle-da-madeira","status":"publish","type":"post","link":"https:\/\/blogs.correiobraziliense.com.br\/4elementos\/2020\/09\/08\/ibama-lanca-sistema-digital-antifraude-para-controle-da-madeira\/","title":{"rendered":"Ibama lan\u00e7a sistema digital antifraude para controle da madeira"},"content":{"rendered":"<h2 style=\"text-align: center\"><em><strong>Esperado desde 2012, Sinaflor+ fortalece o manejo sustent\u00e1vel das florestas e o rastreamento da madeira<\/strong><\/em><\/h2>\n<p>O Instituto Brasileiro do Meio Ambiente e dos Recursos Naturais Renov\u00e1veis (Ibama), \u00f3rg\u00e3o vinculado ao Minist\u00e9rio do Meio Ambiente (MMA), lan\u00e7ou, nesta ter\u00e7a-feira (8\/9), o aprimoramento do Sistema Nacional de Controle da Origem dos Produtos Florestais, o Sinaflor+. O sistema traz um maior controle no manejo da madeira, rastreando desde \u00e0 origem e fortalecendo o combate ao desmatamento ilegal.<\/p>\n<p>No sistema anterior, a vincula\u00e7\u00e3o entre madeira extra\u00edda e \u00e1rvore original era feita por amostragem aleat\u00f3ria. No Sinaflor+, as \u00e1rvores destinadas ao corte seletivo s\u00e3o 100% identificadas por geolocaliza\u00e7\u00e3o, e cada produto florestal pode ser rastreado at\u00e9 o ponto exato de onde foi originalmente extra\u00eddo.<\/p>\n<p>Al\u00e9m de prevenir fraudes, o Sinaflor+ d\u00e1 mais seguran\u00e7a para quem trabalha de maneira regular no setor madeireiro. Com assinatura eletr\u00f4nica e QR code no novo modelo de autoriza\u00e7\u00e3o, a fiscaliza\u00e7\u00e3o ganha transpar\u00eancia e ainda mais rigor.\u00a0O Sinaflor+ conta ainda com um painel de controle integrado para o usu\u00e1rio, com ferramentas que v\u00e3o de hist\u00f3rico a busca inteligente, facilitando o gerenciamento de autoriza\u00e7\u00f5es e pend\u00eancias por parte do empreendedor.<\/p>\n<p>Segundo o diretor de Uso Sustent\u00e1vel da Biodiversidade e Florestas do Ibama, Jo\u00e3o Pessoa Riograndense Moreira J\u00fanior, o sistema permite maior rapidez, alterando o banco de dados e gerando novas funcionalidades. &#8220;A grande vantagem reduzimos os cr\u00e9ditos pobres para dentro do sistema do Ibama&#8221;, disse.<\/p>\n<p>Outra ferramenta importante \u00e9 o Business Intelligence (BI), que, segundo Moreira J\u00fanior, permite uma s\u00e9rie de cruzamento de dados, como a exporta\u00e7\u00e3o. &#8220;Podemos verificar por onde sai o produto. Isso direciona o trabalho de fiscaliza\u00e7\u00e3o, o torna muito mais eficiente porque indica os locais de maior tr\u00e2nsito de madeira&#8221;, explicou.<\/p>\n<p>N\u00f3s chegamos ao Sinaflor +, sistema ele come\u00e7ou a ser pensado dentro do Ibama em junho de 2019, um ano depois temos a ferramenta disponibilizada para os estaros, dia 24 de agosto capacitamos os t\u00e9cnicos dos estados. Grandes inova\u00e7\u00f5es, ele efetiva o controle da cadeia de cust\u00f3dia, por meio da cadeia de rastreabilidade, criada na origem.<\/p>\n<figure id=\"attachment_1519\" aria-describedby=\"caption-attachment-1519\" style=\"width: 1024px\" class=\"wp-caption alignnone\"><img loading=\"lazy\" decoding=\"async\" class=\"size-large wp-image-1519\" src=\"https:\/\/blogs.correiobraziliense.com.br\/4elementos\/wp-content\/uploads\/sites\/53\/2020\/09\/PSX_20200908_151412-1024x621.jpg\" alt=\"\" width=\"1024\" height=\"621\" srcset=\"https:\/\/blogs.correiobraziliense.com.br\/4elementos\/wp-content\/uploads\/sites\/53\/2020\/09\/PSX_20200908_151412-1024x621.jpg 1024w, https:\/\/blogs.correiobraziliense.com.br\/4elementos\/wp-content\/uploads\/sites\/53\/2020\/09\/PSX_20200908_151412-300x182.jpg 300w, https:\/\/blogs.correiobraziliense.com.br\/4elementos\/wp-content\/uploads\/sites\/53\/2020\/09\/PSX_20200908_151412-768x466.jpg 768w, https:\/\/blogs.correiobraziliense.com.br\/4elementos\/wp-content\/uploads\/sites\/53\/2020\/09\/PSX_20200908_151412-1440x874.jpg 1440w, https:\/\/blogs.correiobraziliense.com.br\/4elementos\/wp-content\/uploads\/sites\/53\/2020\/09\/PSX_20200908_151412-550x334.jpg 550w, https:\/\/blogs.correiobraziliense.com.br\/4elementos\/wp-content\/uploads\/sites\/53\/2020\/09\/PSX_20200908_151412-230x140.jpg 230w, https:\/\/blogs.correiobraziliense.com.br\/4elementos\/wp-content\/uploads\/sites\/53\/2020\/09\/PSX_20200908_151412.jpg 1780w\" sizes=\"auto, (max-width: 1024px) 100vw, 1024px\" \/><figcaption id=\"caption-attachment-1519\" class=\"wp-caption-text\">Lan\u00e7amento do Sinaflor+ \/\/ Foto: Pablo Le Roy\/Ibama<\/figcaption><\/figure>\n<h3>Fase de testes<\/h3>\n<p>Em fase inicial, o sistema foi testado desde 24 de agosto por mais de 500 usu\u00e1rios capacitados, entre membros de \u00f3rg\u00e3os ambientais, respons\u00e1veis t\u00e9cnicos vinculados aos representantes setoriais e analistas do pr\u00f3prio Ibama. No per\u00edodo, foram emitidas mais de 100 autoriza\u00e7\u00f5es no novo sistema. O sistema foi custeado com recursos pr\u00f3prios do Ibama, segundo Moreira J\u00fanior.<\/p>\n<p>Ele explicou que uma comiss\u00e3o do Jap\u00e3o j\u00e1 conheceu o novo sistema e o reconheceu como muito parecido a um sisteme de lixo daquele pa\u00eds. O Sinaflor+ j\u00e1 foi apresentado tamb\u00e9m \u00e0 Uni\u00e3o Europeia, em Washington (EUA) e pa\u00edses da Am\u00e9rica, como Peru, Guatemala e outros.<\/p>\n<p>\u201cO Sinaflor+ \u00e9 uma atualiza\u00e7\u00e3o do antigo Sinaflor. O maior controle do sistema era esperado desde o C\u00f3digo Florestal de 2012 e foi elaborado em apenas um ano e dois meses\u201d ressaltou Eduardo Fortunato Bim, presidente do Ibama.<\/p>\n<p>&nbsp;<\/p>\n","protected":false},"excerpt":{"rendered":"<p>Esperado desde 2012, Sinaflor+ fortalece o manejo sustent\u00e1vel das florestas e o rastreamento da madeira O Instituto Brasileiro do Meio Ambiente e dos Recursos Naturais Renov\u00e1veis (Ibama), \u00f3rg\u00e3o vinculado ao Minist\u00e9rio do Meio Ambiente (MMA), lan\u00e7ou, nesta ter\u00e7a-feira (8\/9), o aprimoramento do Sistema Nacional de Controle da Origem dos Produtos Florestais, o Sinaflor+. O sistema traz um maior controle no [&hellip;]<\/p>\n","protected":false},"author":114,"featured_media":1519,"comment_status":"open","ping_status":"open","sticky":false,"template":"","format":"standard","meta":{"footnotes":""},"categories":[1],"tags":[4,91,7,148,168,363],"class_list":["post-1513","post","type-post","status-publish","format-standard","has-post-thumbnail","hentry","category-sem-categoria","tag-4elementos1planeta","tag-amazonia","tag-conscientizacao","tag-ibama","tag-mma","tag-sinaflor"],"_links":{"self":[{"href":"https:\/\/blogs.correiobraziliense.com.br\/4elementos\/wp-json\/wp\/v2\/posts\/1513","targetHints":{"allow":["GET"]}}],"collection":[{"href":"https:\/\/blogs.correiobraziliense.com.br\/4elementos\/wp-json\/wp\/v2\/posts"}],"about":[{"href":"https:\/\/blogs.correiobraziliense.com.br\/4elementos\/wp-json\/wp\/v2\/types\/post"}],"author":[{"embeddable":true,"href":"https:\/\/blogs.correiobraziliense.com.br\/4elementos\/wp-json\/wp\/v2\/users\/114"}],"replies":[{"embeddable":true,"href":"https:\/\/blogs.correiobraziliense.com.br\/4elementos\/wp-json\/wp\/v2\/comments?post=1513"}],"version-history":[{"count":6,"href":"https:\/\/blogs.correiobraziliense.com.br\/4elementos\/wp-json\/wp\/v2\/posts\/1513\/revisions"}],"predecessor-version":[{"id":1521,"href":"https:\/\/blogs.correiobraziliense.com.br\/4elementos\/wp-json\/wp\/v2\/posts\/1513\/revisions\/1521"}],"wp:featuredmedia":[{"embeddable":true,"href":"https:\/\/blogs.correiobraziliense.com.br\/4elementos\/wp-json\/wp\/v2\/media\/1519"}],"wp:attachment":[{"href":"https:\/\/blogs.correiobraziliense.com.br\/4elementos\/wp-json\/wp\/v2\/media?parent=1513"}],"wp:term":[{"taxonomy":"category","embeddable":true,"href":"https:\/\/blogs.correiobraziliense.com.br\/4elementos\/wp-json\/wp\/v2\/categories?post=1513"},{"taxonomy":"post_tag","embeddable":true,"href":"https:\/\/blogs.correiobraziliense.com.br\/4elementos\/wp-json\/wp\/v2\/tags?post=1513"}],"curies":[{"name":"wp","href":"https:\/\/api.w.org\/{rel}","templated":true}]}}