{"id":1498,"date":"2020-09-03T10:44:50","date_gmt":"2020-09-03T13:44:50","guid":{"rendered":"https:\/\/blogs.correiobraziliense.com.br\/4elementos\/?p=1498"},"modified":"2020-09-03T18:15:25","modified_gmt":"2020-09-03T21:15:25","slug":"campanha-defund-bolsonaro-alerta-para-destruicao-da-amazonia","status":"publish","type":"post","link":"https:\/\/blogs.correiobraziliense.com.br\/4elementos\/2020\/09\/03\/campanha-defund-bolsonaro-alerta-para-destruicao-da-amazonia\/","title":{"rendered":"Campanha \u201cDefund Bolsonaro\u201d alerta para destrui\u00e7\u00e3o da Amaz\u00f4nia"},"content":{"rendered":"<p>Uma campanha mundial chamada \u201cDefund Bolsonaro\u201d, que sugere o corte de financiamento ao presidente do Brasil, lan\u00e7ada nesta semana, alerta para destrui\u00e7\u00e3o da Amaz\u00f4nia. A ideia \u00e9 conscientizar empresas, investidores, consumidores e l\u00edderes globais para que se afastem do governo brasileiro, que seria o principal respons\u00e1vel pela devasta\u00e7\u00e3o da maior floresta tropical do mundo.<\/p>\n<p>A principal pe\u00e7a da campanha \u00e9 um v\u00eddeo (abaixo), divulgado por v\u00e1rias entidades de defesa do meio ambiente, no qual lugares em diversas partes do mundo aparecem pegando fogo e repletos de fuma\u00e7a. Al\u00e9m disso, jovens est\u00e3o arrecadando fundos para combater os inc\u00eandios.<\/p>\n<p>As a\u00e7\u00f5es exp\u00f5em a debilidade do enfrentamento da devasta\u00e7\u00e3o ambiental pelo governo brasileiro. Em entrevista \u00e0 <em>Band News<\/em>, o ministro chefe do Gabinete de Seguran\u00e7a Institucional, general Augusto Heleno, reagiu \u00e0s campanhas. \u201cVejo isso com muita tristeza. \u00c9 injusto e completamente sem fundamento. Querem qualificar o governo brasileiro de genocida, falando em destrui\u00e7\u00e3o da Amaz\u00f4nia\u201d, rebateu.<\/p>\n<p>O general disse que &#8220;tudo na Amaz\u00f4nia \u00e9 muito caro\u201d. \u201cTudo \u00e9 muito distante. H\u00e1 um esfor\u00e7o herc\u00faleo das For\u00e7as Armadas para evitar que a pandemia chegue de forma brutal nas comunidades ind\u00edgenas\u201d, defendeu.<\/p>\n<p>Segundo Heleno, a campanha traz &#8220;preju\u00edzos enormes&#8221; para Brasil, sobretudo no acordo entre Mercosul e Uni\u00e3o Europeia. \u201cAs provid\u00eancias que est\u00e3o sendo tomadas, custando muito caro ao governo, est\u00e3o colocando gente preparada para cuidar do problema. Isso n\u00e3o est\u00e1 sendo reconhecido\u201d, criticou.<\/p>\n<p>A campanha, entre outras coisas, defende o boicote aos produtos brasileiros, alegou o general. \u201cEssa interfer\u00eancia estrangeira na Amaz\u00f4nia brasileira \u00e9 inaceit\u00e1vel, porque o Brasil nunca interveio em pa\u00edses estrangeiros para dizer qual \u00e9 sua opini\u00e3o sobre os problemas dessas na\u00e7\u00f5es. A Amaz\u00f4nia brasileira pertence ao Brasil. Temos conhecimento do problema e da dificuldade do enfrentamento. N\u00e3o precisamos de estrangeiros que nunca colocaram o p\u00e9 na Amaz\u00f4nia. Agradecemos o interesse, mas as opini\u00f5es s\u00e3o perfeitamente dispens\u00e1veis\u201d, vaticinou o general Heleno.<\/p>\n<h3>Assista ao v\u00eddeo da campanha:<\/h3>\n<div style=\"width: 848px;\" class=\"wp-video\"><video class=\"wp-video-shortcode\" id=\"video-1498-1\" width=\"848\" height=\"480\" preload=\"metadata\" controls=\"controls\"><source type=\"video\/mp4\" src=\"https:\/\/blogs.correiobraziliense.com.br\/4elementos\/wp-content\/uploads\/sites\/53\/2020\/09\/WhatsApp-Video-2020-09-03-at-09.49.33.mp4?_=1\" \/><a href=\"https:\/\/blogs.correiobraziliense.com.br\/4elementos\/wp-content\/uploads\/sites\/53\/2020\/09\/WhatsApp-Video-2020-09-03-at-09.49.33.mp4\">https:\/\/blogs.correiobraziliense.com.br\/4elementos\/wp-content\/uploads\/sites\/53\/2020\/09\/WhatsApp-Video-2020-09-03-at-09.49.33.mp4<\/a><\/video><\/div>\n","protected":false},"excerpt":{"rendered":"<p>Uma campanha mundial chamada \u201cDefund Bolsonaro\u201d, que sugere o corte de financiamento ao presidente do Brasil, lan\u00e7ada nesta semana, alerta para destrui\u00e7\u00e3o da Amaz\u00f4nia. A ideia \u00e9 conscientizar empresas, investidores, consumidores e l\u00edderes globais para que se afastem do governo brasileiro, que seria o principal respons\u00e1vel pela devasta\u00e7\u00e3o da maior floresta tropical do mundo. A principal pe\u00e7a da campanha \u00e9 [&hellip;]<\/p>\n","protected":false},"author":114,"featured_media":1500,"comment_status":"open","ping_status":"open","sticky":false,"template":"","format":"standard","meta":{"footnotes":""},"categories":[247,242],"tags":[362,4,91,80,41,7,93],"class_list":["post-1498","post","type-post","status-publish","format-standard","has-post-thumbnail","hentry","category-cidadania","category-denuncia","tag-defundbolsonaro","tag-4elementos1planeta","tag-amazonia","tag-ambientalistas","tag-campanha","tag-conscientizacao","tag-queimadas"],"_links":{"self":[{"href":"https:\/\/blogs.correiobraziliense.com.br\/4elementos\/wp-json\/wp\/v2\/posts\/1498","targetHints":{"allow":["GET"]}}],"collection":[{"href":"https:\/\/blogs.correiobraziliense.com.br\/4elementos\/wp-json\/wp\/v2\/posts"}],"about":[{"href":"https:\/\/blogs.correiobraziliense.com.br\/4elementos\/wp-json\/wp\/v2\/types\/post"}],"author":[{"embeddable":true,"href":"https:\/\/blogs.correiobraziliense.com.br\/4elementos\/wp-json\/wp\/v2\/users\/114"}],"replies":[{"embeddable":true,"href":"https:\/\/blogs.correiobraziliense.com.br\/4elementos\/wp-json\/wp\/v2\/comments?post=1498"}],"version-history":[{"count":10,"href":"https:\/\/blogs.correiobraziliense.com.br\/4elementos\/wp-json\/wp\/v2\/posts\/1498\/revisions"}],"predecessor-version":[{"id":1510,"href":"https:\/\/blogs.correiobraziliense.com.br\/4elementos\/wp-json\/wp\/v2\/posts\/1498\/revisions\/1510"}],"wp:featuredmedia":[{"embeddable":true,"href":"https:\/\/blogs.correiobraziliense.com.br\/4elementos\/wp-json\/wp\/v2\/media\/1500"}],"wp:attachment":[{"href":"https:\/\/blogs.correiobraziliense.com.br\/4elementos\/wp-json\/wp\/v2\/media?parent=1498"}],"wp:term":[{"taxonomy":"category","embeddable":true,"href":"https:\/\/blogs.correiobraziliense.com.br\/4elementos\/wp-json\/wp\/v2\/categories?post=1498"},{"taxonomy":"post_tag","embeddable":true,"href":"https:\/\/blogs.correiobraziliense.com.br\/4elementos\/wp-json\/wp\/v2\/tags?post=1498"}],"curies":[{"name":"wp","href":"https:\/\/api.w.org\/{rel}","templated":true}]}}