{"id":1493,"date":"2020-09-02T19:20:15","date_gmt":"2020-09-02T22:20:15","guid":{"rendered":"https:\/\/blogs.correiobraziliense.com.br\/4elementos\/?p=1493"},"modified":"2020-09-02T19:20:15","modified_gmt":"2020-09-02T22:20:15","slug":"senado-aprova-projeto-que-reforca-fiscalizacao-de-barragens","status":"publish","type":"post","link":"https:\/\/blogs.correiobraziliense.com.br\/4elementos\/2020\/09\/02\/senado-aprova-projeto-que-reforca-fiscalizacao-de-barragens\/","title":{"rendered":"Senado aprova projeto que refor\u00e7a fiscaliza\u00e7\u00e3o de barragens"},"content":{"rendered":"<p><span style=\"font-weight: 400\">O Senado aprovou, nesta quarta-feira (2\/9), o texto principal do projeto de lei (PL) n\u00ba 550\/2019, que refor\u00e7a seguran\u00e7a de barragens na explora\u00e7\u00e3o mineral. Os senadores tamb\u00e9m aprovaram o substitutivo da C\u00e2mara dos Deputados ao PL. O texto amplia regras de fiscaliza\u00e7\u00e3o e exige um plano de a\u00e7\u00e3o ambiental. O projeto agora segue para san\u00e7\u00e3o presidencial.<\/span><\/p>\n<p><span style=\"font-weight: 400\">O PL 550\/2019 refor\u00e7a a Pol\u00edtica Nacional de Seguran\u00e7a de Barragens (PNSB), institu\u00edda pela Lei 12.334, de 2010. Autora do PL 550\/2019, a senadora Leila Barros (PSB-DF), disse, quando apresentou a proposta, no ano passado, que a medida era uma resposta \u00e0 sociedades, especialmente ap\u00f3s trag\u00e9dias como o rompimento da barragem do C\u00f3rrego do Feij\u00e3o, em Brumadinho (MG), que deixou 259 mortos.<\/span><\/p>\n<p><span style=\"font-weight: 400\">O projeto pro\u00edbe a constru\u00e7\u00e3o de barragens de rejeitos de minera\u00e7\u00e3o pelo m\u00e9todo a montante, como o de Brumadinho, considerado o mais perigoso, e tamb\u00e9m quando houver comunidades na\u00a0<\/span><span style=\"font-weight: 400\">chamada zona de auto salvamento, pr\u00f3ximas \u00e0s estruturas.\u00a0<\/span><\/p>\n<p><span style=\"font-weight: 400\">Depois de dois desastres em Minas Gerais, Brumadinho e Mariana, ambos de responsabilidade da empresa mineradora Vale, a medida \u00e9 o m\u00ednimo que se pode esperar para evitar mortes e tamb\u00e9m as cat\u00e1strofes ambientais provocadas pelos desmoronamentos. Apenas em Brumadinho, foram perdidos centenas de hectares de florestas e, por conta da lama, houve comprometimento do Rio Paraopeba, fonte de \u00e1gua de aldeias ind\u00edgenas.<\/span><\/p>\n<p><span style=\"font-weight: 400\"><img loading=\"lazy\" decoding=\"async\" class=\"alignnone size-full wp-image-1494\" src=\"https:\/\/blogs.correiobraziliense.com.br\/4elementos\/wp-content\/uploads\/sites\/53\/2020\/09\/brumadinho-e1599085018772.jpg\" alt=\"\" width=\"728\" height=\"489\" srcset=\"https:\/\/blogs.correiobraziliense.com.br\/4elementos\/wp-content\/uploads\/sites\/53\/2020\/09\/brumadinho-e1599085018772.jpg 728w, https:\/\/blogs.correiobraziliense.com.br\/4elementos\/wp-content\/uploads\/sites\/53\/2020\/09\/brumadinho-e1599085018772-300x202.jpg 300w, https:\/\/blogs.correiobraziliense.com.br\/4elementos\/wp-content\/uploads\/sites\/53\/2020\/09\/brumadinho-e1599085018772-550x369.jpg 550w, https:\/\/blogs.correiobraziliense.com.br\/4elementos\/wp-content\/uploads\/sites\/53\/2020\/09\/brumadinho-e1599085018772-230x154.jpg 230w\" sizes=\"auto, (max-width: 728px) 100vw, 728px\" \/><br \/>\n<\/span><\/p>\n","protected":false},"excerpt":{"rendered":"<p>O Senado aprovou, nesta quarta-feira (2\/9), o texto principal do projeto de lei (PL) n\u00ba 550\/2019, que refor\u00e7a seguran\u00e7a de barragens na explora\u00e7\u00e3o mineral. Os senadores tamb\u00e9m aprovaram o substitutivo da C\u00e2mara dos Deputados ao PL. O texto amplia regras de fiscaliza\u00e7\u00e3o e exige um plano de a\u00e7\u00e3o ambiental. O projeto agora segue para san\u00e7\u00e3o presidencial. O PL 550\/2019 refor\u00e7a [&hellip;]<\/p>\n","protected":false},"author":114,"featured_media":0,"comment_status":"open","ping_status":"open","sticky":false,"template":"","format":"standard","meta":{"footnotes":""},"categories":[1],"tags":[4,117,157,361,360,5],"class_list":["post-1493","post","type-post","status-publish","format-standard","hentry","category-sem-categoria","tag-4elementos1planeta","tag-barragens","tag-desastre-ambiental","tag-pl-550","tag-senado","tag-sustentabilidade"],"_links":{"self":[{"href":"https:\/\/blogs.correiobraziliense.com.br\/4elementos\/wp-json\/wp\/v2\/posts\/1493","targetHints":{"allow":["GET"]}}],"collection":[{"href":"https:\/\/blogs.correiobraziliense.com.br\/4elementos\/wp-json\/wp\/v2\/posts"}],"about":[{"href":"https:\/\/blogs.correiobraziliense.com.br\/4elementos\/wp-json\/wp\/v2\/types\/post"}],"author":[{"embeddable":true,"href":"https:\/\/blogs.correiobraziliense.com.br\/4elementos\/wp-json\/wp\/v2\/users\/114"}],"replies":[{"embeddable":true,"href":"https:\/\/blogs.correiobraziliense.com.br\/4elementos\/wp-json\/wp\/v2\/comments?post=1493"}],"version-history":[{"count":2,"href":"https:\/\/blogs.correiobraziliense.com.br\/4elementos\/wp-json\/wp\/v2\/posts\/1493\/revisions"}],"predecessor-version":[{"id":1496,"href":"https:\/\/blogs.correiobraziliense.com.br\/4elementos\/wp-json\/wp\/v2\/posts\/1493\/revisions\/1496"}],"wp:attachment":[{"href":"https:\/\/blogs.correiobraziliense.com.br\/4elementos\/wp-json\/wp\/v2\/media?parent=1493"}],"wp:term":[{"taxonomy":"category","embeddable":true,"href":"https:\/\/blogs.correiobraziliense.com.br\/4elementos\/wp-json\/wp\/v2\/categories?post=1493"},{"taxonomy":"post_tag","embeddable":true,"href":"https:\/\/blogs.correiobraziliense.com.br\/4elementos\/wp-json\/wp\/v2\/tags?post=1493"}],"curies":[{"name":"wp","href":"https:\/\/api.w.org\/{rel}","templated":true}]}}