{"id":1486,"date":"2020-08-31T17:08:03","date_gmt":"2020-08-31T20:08:03","guid":{"rendered":"https:\/\/blogs.correiobraziliense.com.br\/4elementos\/?p=1486"},"modified":"2020-08-31T17:10:34","modified_gmt":"2020-08-31T20:10:34","slug":"ministerio-de-meio-ambiente-tem-o-terceiro-menor-orcamento-para-2021","status":"publish","type":"post","link":"https:\/\/blogs.correiobraziliense.com.br\/4elementos\/2020\/08\/31\/ministerio-de-meio-ambiente-tem-o-terceiro-menor-orcamento-para-2021\/","title":{"rendered":"Minist\u00e9rio de Meio Ambiente tem o terceiro menor or\u00e7amento para 2021"},"content":{"rendered":"<p>O Minist\u00e9rio da Economia divulgou, nesta segunda-feira (31\/8), o Projeto de Lei Or\u00e7ament\u00e1ria Anual (PLOA) para 2021, no limite do prazo para entregar a pe\u00e7a or\u00e7ament\u00e1ria ao Congresso Nacional. Do Executivo, com or\u00e7amento total de mais de R$ 4 trilh\u00f5es, a pasta do Meio Ambiente \u00e9 o minist\u00e9rio com a terceira menor dota\u00e7\u00e3o or\u00e7ament\u00e1ria\u00a0 para o ano que vem.<\/p>\n<figure id=\"attachment_1487\" aria-describedby=\"caption-attachment-1487\" style=\"width: 300px\" class=\"wp-caption alignright\"><img loading=\"lazy\" decoding=\"async\" class=\"wp-image-1487 size-medium\" src=\"https:\/\/blogs.correiobraziliense.com.br\/4elementos\/wp-content\/uploads\/sites\/53\/2020\/08\/meio_ambiente_1908200987-300x200.jpg\" alt=\"\" width=\"300\" height=\"200\" srcset=\"https:\/\/blogs.correiobraziliense.com.br\/4elementos\/wp-content\/uploads\/sites\/53\/2020\/08\/meio_ambiente_1908200987-300x200.jpg 300w, https:\/\/blogs.correiobraziliense.com.br\/4elementos\/wp-content\/uploads\/sites\/53\/2020\/08\/meio_ambiente_1908200987-768x512.jpg 768w, https:\/\/blogs.correiobraziliense.com.br\/4elementos\/wp-content\/uploads\/sites\/53\/2020\/08\/meio_ambiente_1908200987-550x366.jpg 550w, https:\/\/blogs.correiobraziliense.com.br\/4elementos\/wp-content\/uploads\/sites\/53\/2020\/08\/meio_ambiente_1908200987-230x153.jpg 230w, https:\/\/blogs.correiobraziliense.com.br\/4elementos\/wp-content\/uploads\/sites\/53\/2020\/08\/meio_ambiente_1908200987.jpg 770w\" sizes=\"auto, (max-width: 300px) 100vw, 300px\" \/><figcaption id=\"caption-attachment-1487\" class=\"wp-caption-text\">Fachada do Minist\u00e9rio do Meio Ambiente<\/figcaption><\/figure>\n<p>O Minist\u00e9rio do Meio Ambiente (MMA), respons\u00e1vel por pol\u00edticas p\u00fablicas de preserva\u00e7\u00e3o ambiental, por a\u00e7\u00f5es de fiscaliza\u00e7\u00e3o para coibir crimes ambientais e por opera\u00e7\u00f5es de combate a inc\u00eandios e desmatamento de biomas como Pantanal e Amaz\u00f4nia, ter\u00e1, em 2021, R$ 2,94 bilh\u00f5es de or\u00e7amento.<\/p>\n<p>Apenas os minist\u00e9rio da Mulher, da Fam\u00edlia e dos Direitos Humanos (R$ 449,9 milh\u00f5es) e do Turismo (R$ 2,52 bilh\u00f5es) ter\u00e3o ainda menos dinheiro. A Controladoria-Geral da Uni\u00e3o (R$ 1,14 bilh\u00e3o) e a Vice-presid\u00eancia da Rep\u00fablica (R$ 15,8 milh\u00f5es), tamb\u00e9m com or\u00e7amentos dentro do Executivo e valores inferiores ao MMA, t\u00eam estruturas menores do que os minist\u00e9rios.<\/p>\n<p>&nbsp;<\/p>\n","protected":false},"excerpt":{"rendered":"<p>O Minist\u00e9rio da Economia divulgou, nesta segunda-feira (31\/8), o Projeto de Lei Or\u00e7ament\u00e1ria Anual (PLOA) para 2021, no limite do prazo para entregar a pe\u00e7a or\u00e7ament\u00e1ria ao Congresso Nacional. Do Executivo, com or\u00e7amento total de mais de R$ 4 trilh\u00f5es, a pasta do Meio Ambiente \u00e9 o minist\u00e9rio com a terceira menor dota\u00e7\u00e3o or\u00e7ament\u00e1ria\u00a0 para o ano que vem. O [&hellip;]<\/p>\n","protected":false},"author":114,"featured_media":0,"comment_status":"open","ping_status":"open","sticky":false,"template":"","format":"standard","meta":{"footnotes":""},"categories":[3],"tags":[4,168,172,5],"class_list":["post-1486","post","type-post","status-publish","format-standard","hentry","category-meio-ambiente","tag-4elementos1planeta","tag-mma","tag-orcamento","tag-sustentabilidade"],"_links":{"self":[{"href":"https:\/\/blogs.correiobraziliense.com.br\/4elementos\/wp-json\/wp\/v2\/posts\/1486","targetHints":{"allow":["GET"]}}],"collection":[{"href":"https:\/\/blogs.correiobraziliense.com.br\/4elementos\/wp-json\/wp\/v2\/posts"}],"about":[{"href":"https:\/\/blogs.correiobraziliense.com.br\/4elementos\/wp-json\/wp\/v2\/types\/post"}],"author":[{"embeddable":true,"href":"https:\/\/blogs.correiobraziliense.com.br\/4elementos\/wp-json\/wp\/v2\/users\/114"}],"replies":[{"embeddable":true,"href":"https:\/\/blogs.correiobraziliense.com.br\/4elementos\/wp-json\/wp\/v2\/comments?post=1486"}],"version-history":[{"count":4,"href":"https:\/\/blogs.correiobraziliense.com.br\/4elementos\/wp-json\/wp\/v2\/posts\/1486\/revisions"}],"predecessor-version":[{"id":1491,"href":"https:\/\/blogs.correiobraziliense.com.br\/4elementos\/wp-json\/wp\/v2\/posts\/1486\/revisions\/1491"}],"wp:attachment":[{"href":"https:\/\/blogs.correiobraziliense.com.br\/4elementos\/wp-json\/wp\/v2\/media?parent=1486"}],"wp:term":[{"taxonomy":"category","embeddable":true,"href":"https:\/\/blogs.correiobraziliense.com.br\/4elementos\/wp-json\/wp\/v2\/categories?post=1486"},{"taxonomy":"post_tag","embeddable":true,"href":"https:\/\/blogs.correiobraziliense.com.br\/4elementos\/wp-json\/wp\/v2\/tags?post=1486"}],"curies":[{"name":"wp","href":"https:\/\/api.w.org\/{rel}","templated":true}]}}