{"id":1480,"date":"2020-08-28T20:27:13","date_gmt":"2020-08-28T23:27:13","guid":{"rendered":"https:\/\/blogs.correiobraziliense.com.br\/4elementos\/?p=1480"},"modified":"2020-08-28T20:27:13","modified_gmt":"2020-08-28T23:27:13","slug":"ministerio-do-meio-ambiente-volta-atras-e-ministro-salles-rebate-mourao","status":"publish","type":"post","link":"https:\/\/blogs.correiobraziliense.com.br\/4elementos\/2020\/08\/28\/ministerio-do-meio-ambiente-volta-atras-e-ministro-salles-rebate-mourao\/","title":{"rendered":"Minist\u00e9rio do Meio Ambiente volta atr\u00e1s e ministro Salles rebate Mour\u00e3o"},"content":{"rendered":"<p><span style=\"font-weight: 400\">O Minist\u00e9rio do Meio Ambiente (MMA) voltou atr\u00e1s e disse que as opera\u00e7\u00f5es de combate ao desmatamento e queimadas v\u00e3o continuar. \u201cO Minist\u00e9rio do Meio Ambiente informa que, na tarde de hoje, houve o desbloqueio financeiro dos recursos do IBAMA e ICMBIO e que, portanto, as opera\u00e7\u00f5es de combate ao desmatamento ilegal e \u00e0s queimadas prosseguir\u00e3o normalmente\u201d, informou, numa segunda nota, divulgada nesta sexta-feira (28\/8).\u00a0<\/span><\/p>\n<p><span style=\"font-weight: 400\">No primeiro <a href=\"https:\/\/blogs.correiobraziliense.com.br\/4elementos\/2020\/08\/28\/bloqueio-governo-paralisa-combate-ao-desmatamento-e-queimadas\/\">comunicado<\/a>, o MMA anunciou a paralisa\u00e7\u00e3o de a\u00e7\u00f5es de combate ao desmatamento e queimadas a partir da pr\u00f3xima segunda-feira porque a Secretaria de Or\u00e7amento Federal (SOF) do Minist\u00e9rio da Economia teria efetuado um corte de R$ 20,9 milh\u00f5es em verbas do Instituto Brasileiro do Meio Ambiente e dos Recursos Naturais Renov\u00e1veis (Ibama) e de R$ 39,8 milh\u00f5es do Instituto Chico Mendes de Conserva\u00e7\u00e3o da Biodiversidade (ICMBio).\u00a0<\/span><\/p>\n<p><span style=\"font-weight: 400\">\u201cSegundo informado ao MMA pelo secret\u00e1rio Esteves Colnago, do Minist\u00e9rio da Economia, o bloqueio atual, de cerca de R$ 60 milh\u00f5es para Ibama e ICMBio, foi decidido pela Secretaria de Governo e pela Casa Civil da Presid\u00eancia da Rep\u00fablica e vem a se somar \u00e0 redu\u00e7\u00e3o de outros R$ 120 milh\u00f5es j\u00e1 previstos como corte do or\u00e7amento na \u00e1rea de meio ambiente para o exerc\u00edcio de 2021\u201d, informou a primeira nota da pasta comandada por Ricardo Salles.<\/span><\/p>\n<h3><strong>Desmentido<\/strong><\/h3>\n<p><span style=\"font-weight: 400\">Ap\u00f3s a repercuss\u00e3o negativa do an\u00fancio de interrup\u00e7\u00e3o das opera\u00e7\u00f5es, em um momento de recordes na devasta\u00e7\u00e3o ambiental, o coordenador do Conselho da Amaz\u00f4nia, vice-presidente Hamilton Mour\u00e3o, <a href=\"https:\/\/blogs.correiobraziliense.com.br\/4elementos\/2020\/08\/28\/mourao-desmente-salles-e-diz-que-operacoes-de-combate-a-devastacao-continuam\/\">desmentiu<\/a> Salles e disse que as opera\u00e7\u00f5es continuam. \u201cFoi precipita\u00e7\u00e3o do ministro Ricardo Salles. O governo est\u00e1 buscando recursos para poder pagar o aux\u00edlio emergencial. Ent\u00e3o, est\u00e1 tirando recursos de todos os minist\u00e9rios. Cada um oferece o que pode. O ministro teve uma precipita\u00e7\u00e3o. N\u00e3o vai ser isso que vai acontecer. N\u00e3o ser\u00e3o bloqueados os R$ 60 milh\u00f5es do Ibama e do ICMBio, que s\u00e3o exatamente do combate ao desmatamento e a queimada ligada \u00e0 \u00e1rea do minist\u00e9rio\u201d, relatou.<\/span><\/p>\n<figure id=\"attachment_736\" aria-describedby=\"caption-attachment-736\" style=\"width: 300px\" class=\"wp-caption alignleft\"><img loading=\"lazy\" decoding=\"async\" class=\"wp-image-736 size-medium\" src=\"https:\/\/blogs.correiobraziliense.com.br\/4elementos\/wp-content\/uploads\/sites\/53\/2020\/02\/20200212133943492992a-300x200.jpg\" alt=\"\" width=\"300\" height=\"200\" srcset=\"https:\/\/blogs.correiobraziliense.com.br\/4elementos\/wp-content\/uploads\/sites\/53\/2020\/02\/20200212133943492992a-300x200.jpg 300w, https:\/\/blogs.correiobraziliense.com.br\/4elementos\/wp-content\/uploads\/sites\/53\/2020\/02\/20200212133943492992a-768x511.jpg 768w, https:\/\/blogs.correiobraziliense.com.br\/4elementos\/wp-content\/uploads\/sites\/53\/2020\/02\/20200212133943492992a-550x366.jpg 550w, https:\/\/blogs.correiobraziliense.com.br\/4elementos\/wp-content\/uploads\/sites\/53\/2020\/02\/20200212133943492992a-230x153.jpg 230w, https:\/\/blogs.correiobraziliense.com.br\/4elementos\/wp-content\/uploads\/sites\/53\/2020\/02\/20200212133943492992a.jpg 820w\" sizes=\"auto, (max-width: 300px) 100vw, 300px\" \/><figcaption id=\"caption-attachment-736\" class=\"wp-caption-text\">Ministro Ricardo Salles \/ Foto: Antonio Cruz\/Ag\u00eancia Brasil<\/figcaption><\/figure>\n<p><span style=\"font-weight: 400\">Depois das declara\u00e7\u00f5es de Mour\u00e3o, Salles chegou a afirmar, para o jornal <\/span><i><span style=\"font-weight: 400\">O Globo<\/span><\/i><span style=\"font-weight: 400\">, que as afirma\u00e7\u00f5es de Mour\u00e3o n\u00e3o eram verdadeiras. \u201cJ\u00e1 estava bloqueado e eles desbloquearam agora. Mas n\u00e3o vou ficar discutindo com o vice-presidente, que respeito muito. Eles desbloquearam depois da nota.\u201d<\/span><\/p>\n<p><span style=\"font-weight: 400\">Questionado se havia tentado o di\u00e1logo com o governo sobre o bloqueio antes da publica\u00e7\u00e3o, Salles afirmou, ainda para <\/span><i><span style=\"font-weight: 400\">O Globo, <\/span><\/i><span style=\"font-weight: 400\">que procurou a Casa Civil e o Minist\u00e9rio da Economia e as pastas disseram que a ordem era retirar dinheiro da fiscaliza\u00e7\u00e3o para subsidiar a cria\u00e7\u00e3o do Pr\u00f3-Brasil. \u201cConversei ontem com o Braga Netto (Casa Civil), conversei com a Economia. A Economia falou que era decis\u00e3o da Casa Civil e da Segov (Secretaria de Governo). \u00c9 o que est\u00e1 na nota. Ent\u00e3o \u00e9 isso. Queriam para o Pr\u00f3-Brasil, mas n\u00e3o pode tirar o desmatamento. Ia parar tudo na segunda-feira.\u201d<\/span><\/p>\n<h3><b>Reviravolta<\/b><\/h3>\n<p><span style=\"font-weight: 400\">Para o secret\u00e1rio executivo do Observat\u00f3rio do Clima (OC), M\u00e1rcio Astrini, que chegou a achar que a nota era <a href=\"https:\/\/blogs.correiobraziliense.com.br\/4elementos\/2020\/08\/28\/bloqueio-governo-paralisa-combate-ao-desmatamento-e-queimadas\/\">fake news<\/a> de t\u00e3o absurda, levantou a possibilidade de toda a reviravolta ter sido proposital. \u201cIsso foi para a imprensa ter a obriga\u00e7\u00e3o de noticiar. Por\u00e9m, fica uma situa\u00e7\u00e3o ruim para imagem do pa\u00eds, porque a nota viajou. Salles pode at\u00e9 ter sido precipitado, mas foi com gosto. Viu o bloqueio e achou que era sua chance de cortar. A nota foi uma carta de desejos do Salles\u201d, opinou.\u00a0<\/span><\/p>\n<p><span style=\"font-weight: 400\">Segundo Astrini, n\u00e3o existe tranquiliza\u00e7\u00e3o do Mour\u00e3o ao garantir recursos. \u201cOu o cen\u00e1rio \u00e9 catastr\u00f3fico de paralisar as opera\u00e7\u00f5es ou \u00e9 terr\u00edvel, com uma fiscaliza\u00e7\u00e3o insuficiente e que n\u00e3o d\u00e1 resultado. O desmatamento da Amaz\u00f4nia continua aumentando e o Pantanal est\u00e1 sendo lavado por inc\u00eandios\u201d, ressaltou.<\/span><\/p>\n<p><span style=\"font-weight: 400\">De fato, a primeira nota do MMA causou consterna\u00e7\u00e3o geral, sobretudo entre ambientalistas, porque a paralisa\u00e7\u00e3o anunciada ocorreria em um momento de recordes na devasta\u00e7\u00e3o ambiental. Segundo dados do Instituto Nacional de Pesquisa Espaciais (Inpe), entre 1\u00ba de agosto de 2019 e 31 de julho de 2020, os alertas de desmatamento na Amaz\u00f4nia Legal atingiram a marca dos 9.205 km\u00b2, alta de 34%. No Pantanal, foram detectados 8.058 focos de queimadas de 1\u00ba de janeiro a 20 de agosto de 2020, aumento de 205% ante o mesmo per\u00edodo de 2019.<\/span><\/p>\n","protected":false},"excerpt":{"rendered":"<p>O Minist\u00e9rio do Meio Ambiente (MMA) voltou atr\u00e1s e disse que as opera\u00e7\u00f5es de combate ao desmatamento e queimadas v\u00e3o continuar. \u201cO Minist\u00e9rio do Meio Ambiente informa que, na tarde de hoje, houve o desbloqueio financeiro dos recursos do IBAMA e ICMBIO e que, portanto, as opera\u00e7\u00f5es de combate ao desmatamento ilegal e \u00e0s queimadas prosseguir\u00e3o normalmente\u201d, informou, numa segunda [&hellip;]<\/p>\n","protected":false},"author":114,"featured_media":0,"comment_status":"open","ping_status":"open","sticky":false,"template":"","format":"standard","meta":{"footnotes":""},"categories":[155,3],"tags":[4,91,66,168,143,359,5],"class_list":["post-1480","post","type-post","status-publish","format-standard","hentry","category-catastrofe-ambiental","category-meio-ambiente","tag-4elementos1planeta","tag-amazonia","tag-desmatamento","tag-mma","tag-pantanal","tag-reviravolta","tag-sustentabilidade"],"_links":{"self":[{"href":"https:\/\/blogs.correiobraziliense.com.br\/4elementos\/wp-json\/wp\/v2\/posts\/1480","targetHints":{"allow":["GET"]}}],"collection":[{"href":"https:\/\/blogs.correiobraziliense.com.br\/4elementos\/wp-json\/wp\/v2\/posts"}],"about":[{"href":"https:\/\/blogs.correiobraziliense.com.br\/4elementos\/wp-json\/wp\/v2\/types\/post"}],"author":[{"embeddable":true,"href":"https:\/\/blogs.correiobraziliense.com.br\/4elementos\/wp-json\/wp\/v2\/users\/114"}],"replies":[{"embeddable":true,"href":"https:\/\/blogs.correiobraziliense.com.br\/4elementos\/wp-json\/wp\/v2\/comments?post=1480"}],"version-history":[{"count":4,"href":"https:\/\/blogs.correiobraziliense.com.br\/4elementos\/wp-json\/wp\/v2\/posts\/1480\/revisions"}],"predecessor-version":[{"id":1484,"href":"https:\/\/blogs.correiobraziliense.com.br\/4elementos\/wp-json\/wp\/v2\/posts\/1480\/revisions\/1484"}],"wp:attachment":[{"href":"https:\/\/blogs.correiobraziliense.com.br\/4elementos\/wp-json\/wp\/v2\/media?parent=1480"}],"wp:term":[{"taxonomy":"category","embeddable":true,"href":"https:\/\/blogs.correiobraziliense.com.br\/4elementos\/wp-json\/wp\/v2\/categories?post=1480"},{"taxonomy":"post_tag","embeddable":true,"href":"https:\/\/blogs.correiobraziliense.com.br\/4elementos\/wp-json\/wp\/v2\/tags?post=1480"}],"curies":[{"name":"wp","href":"https:\/\/api.w.org\/{rel}","templated":true}]}}