{"id":1451,"date":"2020-08-27T20:23:06","date_gmt":"2020-08-27T23:23:06","guid":{"rendered":"https:\/\/blogs.correiobraziliense.com.br\/4elementos\/?p=1451"},"modified":"2020-08-27T20:23:27","modified_gmt":"2020-08-27T23:23:27","slug":"dialogos-para-reduzir-desmatamento-provocado-pelo-agronegocio-avancam","status":"publish","type":"post","link":"https:\/\/blogs.correiobraziliense.com.br\/4elementos\/2020\/08\/27\/dialogos-para-reduzir-desmatamento-provocado-pelo-agronegocio-avancam\/","title":{"rendered":"Avan\u00e7am di\u00e1logos para reduzir desmatamento provocado pelo agroneg\u00f3cio"},"content":{"rendered":"<p><span style=\"font-weight: 400\">Os di\u00e1logos entre uma alian\u00e7a pol\u00edtica para reduzir o desmatamento no Brasil e setores do agroneg\u00f3cio est\u00e3o avan\u00e7ando. Dois encontros de quatro agendados com a cadeia da soja j\u00e1 foram realizados. Nesta quinta-feira (27\/8), ocorreu a segunda reuni\u00e3o com o setor pecuarista, que contou com participa\u00e7\u00e3o de especialistas e autoridades brasileiras e chinesas. A China \u00e9 o principal comprador da carne brasileira.\u00a0<\/span><\/p>\n<p><span style=\"font-weight: 400\">O evento virtual foi conduzido pela Alian\u00e7a para as Florestas Tropicais (TFA, na sigla em ingl\u00eas), plataforma que re\u00fane m\u00faltiplos interessados no objetivo comum da busca e implementa\u00e7\u00e3o de solu\u00e7\u00f5es para o combate ao desmatamento resultante de atividades comerciais em \u00e1reas de florestas tropicais. Fab\u00edola Zerbini, diretora regional da TFA para a Am\u00e9rica Latina, explica que o objetivo final \u00e9 erradicar o desmatamento associado \u00e0 produ\u00e7\u00e3o de commodities, mas ainda h\u00e1 muito a percorrer.\u00a0<\/span><\/p>\n<p><span style=\"font-weight: 400\">No Brasil, o foco tem sido nas cadeias de soja e gado. \u201cExistem mecanismos para tornar a produ\u00e7\u00e3o sustent\u00e1vel e respons\u00e1vel nas regi\u00f5es do Cerrado e da Amaz\u00f4nia brasileira\u201d, sustenta. \u201cTem se falado muito em a\u00e7\u00f5es e h\u00e1 comprometimento de representantes das cadeias. Uma das alternativas \u00e9 o pagamento por servi\u00e7o ambiental (PSA), porque, para o produtor produzir s\u00f3 em \u00e1rea aberta, tem um custo. E o PSA \u00e9 uma estrat\u00e9gia nessa agenda de transi\u00e7\u00e3o\u201d, explica. \u201cSabemos que n\u00e3o \u00e9 a bala de prata, n\u00e3o tem a inten\u00e7\u00e3o de resolver tudo. Outras iniciativas precisam ser combinadas\u201d, diz. Os di\u00e1logos t\u00eam sido um canal de debate para encontrar solu\u00e7\u00f5es.<\/span><\/p>\n<p>&nbsp;<\/p>\n<p><img loading=\"lazy\" decoding=\"async\" class=\"alignnone size-large wp-image-1452\" src=\"https:\/\/blogs.correiobraziliense.com.br\/4elementos\/wp-content\/uploads\/sites\/53\/2020\/08\/vaca-soja-1024x560.jpg\" alt=\"\" width=\"1024\" height=\"560\" srcset=\"https:\/\/blogs.correiobraziliense.com.br\/4elementos\/wp-content\/uploads\/sites\/53\/2020\/08\/vaca-soja-1024x560.jpg 1024w, https:\/\/blogs.correiobraziliense.com.br\/4elementos\/wp-content\/uploads\/sites\/53\/2020\/08\/vaca-soja-300x164.jpg 300w, https:\/\/blogs.correiobraziliense.com.br\/4elementos\/wp-content\/uploads\/sites\/53\/2020\/08\/vaca-soja-768x420.jpg 768w, https:\/\/blogs.correiobraziliense.com.br\/4elementos\/wp-content\/uploads\/sites\/53\/2020\/08\/vaca-soja-550x301.jpg 550w, https:\/\/blogs.correiobraziliense.com.br\/4elementos\/wp-content\/uploads\/sites\/53\/2020\/08\/vaca-soja-230x126.jpg 230w, https:\/\/blogs.correiobraziliense.com.br\/4elementos\/wp-content\/uploads\/sites\/53\/2020\/08\/vaca-soja.jpg 1392w\" sizes=\"auto, (max-width: 1024px) 100vw, 1024px\" \/><\/p>\n<h3><strong>Pecu\u00e1ria<\/strong><\/h3>\n<p><span style=\"font-weight: 400\">No di\u00e1logo desta quinta-feira, segundo Fab\u00edola, o que ficou pactuado \u00e9 que a China pode ser um bom driver para melhoria da pecu\u00e1ria brasileira no sentido da sustentabilidade. \u201cO governo chin\u00eas participou e foi muito incisivo na quest\u00e3o da mudan\u00e7a do padr\u00e3o de consumo, por conta da covid-19. A prote\u00edna tem que ter alta seguran\u00e7a sanit\u00e1ria, porque os protocolos v\u00e3o ser cada vez mais rigorosos\u201d, conta. Essa mudan\u00e7a de padr\u00e3o, segundo a participante do Institute of Finance and Sustainability, Jieyi Liu, se reflete na compra e na perspectiva de investimento por parte dos chineses.\u00a0<\/span><\/p>\n<p><span style=\"font-weight: 400\">Do lado do Brasil, explica Fab\u00edola, existe um movimento de moderniza\u00e7\u00e3o da pecu\u00e1ria, por conta da press\u00e3o dos clientes, consumidores, m\u00eddia e investidores. \u201cA ind\u00fastria vai, cada vez mais, trabalhar a transpar\u00eancia e o monitoramento. Amaz\u00f4nia e legalidade j\u00e1 t\u00eam uma a\u00e7\u00e3o setorial, dos grandes supermercados e tr\u00eas grandes frigor\u00edficos. Mas cada empresa tem o seu programa de rastreabilidade\u201d, destaca. O rastreamento permite identificar se o produtor do in\u00edcio da cadeia desmatou \u00e1rea ilegal para produzir.\u00a0<\/span><\/p>\n<p><span style=\"font-weight: 400\">Do que o pa\u00eds produz de carne, 20% s\u00e3o exportados e 80% ficam no mercado nacional. Desses 80%, 33% s\u00e3o consumidos pelas grandes redes Carrefour, Walmart e GPA (P\u00e3o de A\u00e7\u00facar, Extra, Compre Bem e Assa\u00ed). Por\u00e9m, 67% s\u00e3o consumidos de forma difundida e \u00e9 a\u00ed que est\u00e1 o perigo. \u201cPor isso, essa moderniza\u00e7\u00e3o precisa ser concebida como projeto de Estado. A implanta\u00e7\u00e3o do c\u00f3digo florestal \u00e9 ponto zero para isso\u201d, ressalta a diretora da TFA.\u00a0<\/span><\/p>\n<h3><b>Resultado<\/b><\/h3>\n<p><span style=\"font-weight: 400\">De concreto, sa\u00edram da reuni\u00e3o desta quinta-feira tr\u00eas pontos principais, segundo a especialista. \u201cA quest\u00e3o da regulariza\u00e7\u00e3o ambiental e fundi\u00e1ria \u00e9 fundamental para dar seguran\u00e7a jur\u00eddica, junto com pol\u00edticas sanit\u00e1rias e de uso da terra, porque o mercado consumidor vai exigir, sobretudo no p\u00f3s-covid-19\u201d, pontuou. A segunda defini\u00e7\u00e3o foi a din\u00e2mica de investimento. \u201cO investidor v\u00ea uma oportunidade na moderniza\u00e7\u00e3o. Mas precisa de outros mecanismos associados, como mercado de carbono neutro e pagamento por servi\u00e7os ambientais\u201d, explica.<\/span><\/p>\n<p><span style=\"font-weight: 400\">Por fim, Fab\u00edola diz que \u00e9 necess\u00e1rio ampliar o debate para al\u00e9m da China, apesar de o pa\u00eds asi\u00e1tico ser o maior comprador de commodities do agroneg\u00f3cio brasileiro. \u201cTemos que trazer essa discuss\u00e3o para a Europa, para a Am\u00e9rica e para o mercado nacional de forma a n\u00e3o ter impactos indesejados\u201d, ressalta. Segundo a diretora da TFA, embora o entendimento de que o desmatamento deve ser contido seja um caminho sem volta, mesmo com a necessidade de amplia\u00e7\u00e3o da produ\u00e7\u00e3o de alimentos, a perspectiva de solu\u00e7\u00f5es \u00e9 de m\u00e9dio prazo.<\/span><\/p>\n","protected":false},"excerpt":{"rendered":"<p>Os di\u00e1logos entre uma alian\u00e7a pol\u00edtica para reduzir o desmatamento no Brasil e setores do agroneg\u00f3cio est\u00e3o avan\u00e7ando. Dois encontros de quatro agendados com a cadeia da soja j\u00e1 foram realizados. Nesta quinta-feira (27\/8), ocorreu a segunda reuni\u00e3o com o setor pecuarista, que contou com participa\u00e7\u00e3o de especialistas e autoridades brasileiras e chinesas. A China \u00e9 o principal comprador da [&hellip;]<\/p>\n","protected":false},"author":114,"featured_media":0,"comment_status":"open","ping_status":"open","sticky":false,"template":"","format":"standard","meta":{"footnotes":""},"categories":[57,2],"tags":[4,7,51,66,355,353,354,356],"class_list":["post-1451","post","type-post","status-publish","format-standard","hentry","category-desenvolvimento-sustentavel","category-sustentabilidade","tag-4elementos1planeta","tag-conscientizacao","tag-desenvolvimento-sustentavel","tag-desmatamento","tag-dialogos","tag-pecuaria","tag-soja","tag-tfa"],"_links":{"self":[{"href":"https:\/\/blogs.correiobraziliense.com.br\/4elementos\/wp-json\/wp\/v2\/posts\/1451","targetHints":{"allow":["GET"]}}],"collection":[{"href":"https:\/\/blogs.correiobraziliense.com.br\/4elementos\/wp-json\/wp\/v2\/posts"}],"about":[{"href":"https:\/\/blogs.correiobraziliense.com.br\/4elementos\/wp-json\/wp\/v2\/types\/post"}],"author":[{"embeddable":true,"href":"https:\/\/blogs.correiobraziliense.com.br\/4elementos\/wp-json\/wp\/v2\/users\/114"}],"replies":[{"embeddable":true,"href":"https:\/\/blogs.correiobraziliense.com.br\/4elementos\/wp-json\/wp\/v2\/comments?post=1451"}],"version-history":[{"count":11,"href":"https:\/\/blogs.correiobraziliense.com.br\/4elementos\/wp-json\/wp\/v2\/posts\/1451\/revisions"}],"predecessor-version":[{"id":1463,"href":"https:\/\/blogs.correiobraziliense.com.br\/4elementos\/wp-json\/wp\/v2\/posts\/1451\/revisions\/1463"}],"wp:attachment":[{"href":"https:\/\/blogs.correiobraziliense.com.br\/4elementos\/wp-json\/wp\/v2\/media?parent=1451"}],"wp:term":[{"taxonomy":"category","embeddable":true,"href":"https:\/\/blogs.correiobraziliense.com.br\/4elementos\/wp-json\/wp\/v2\/categories?post=1451"},{"taxonomy":"post_tag","embeddable":true,"href":"https:\/\/blogs.correiobraziliense.com.br\/4elementos\/wp-json\/wp\/v2\/tags?post=1451"}],"curies":[{"name":"wp","href":"https:\/\/api.w.org\/{rel}","templated":true}]}}