{"id":1421,"date":"2020-08-06T13:31:52","date_gmt":"2020-08-06T16:31:52","guid":{"rendered":"https:\/\/blogs.correiobraziliense.com.br\/4elementos\/?p=1421"},"modified":"2020-08-06T13:31:52","modified_gmt":"2020-08-06T16:31:52","slug":"mais-de-60-entidades-propoem-moratoria-ao-desmatamento-na-amazonia","status":"publish","type":"post","link":"https:\/\/blogs.correiobraziliense.com.br\/4elementos\/2020\/08\/06\/mais-de-60-entidades-propoem-moratoria-ao-desmatamento-na-amazonia\/","title":{"rendered":"Mais de 60 entidades prop\u00f5em morat\u00f3ria ao desmatamento na Amaz\u00f4nia"},"content":{"rendered":"<p><span style=\"font-weight: 400\">Morat\u00f3ria de pelo menos cinco anos na devasta\u00e7\u00e3o da Amaz\u00f4nia \u00e9 uma das propostas que mais de 60 organiza\u00e7\u00f5es e coletivos da sociedade civil entregaram, nesta quinta-feira (6\/8), aos presidentes da C\u00e2mara dos Deputados, Rodrigo Maia (DEM-RJ), e do Senado, Davi Alcolumbre (DEM-AP), a investidores estrangeiros e a parlamentares brasileiros e europeus. A carta elenca cinco propostas emergenciais para conter a crise do desmatamento na Amaz\u00f4nia. <\/span><\/p>\n<p><span style=\"font-weight: 400\">A devasta\u00e7\u00e3o em 2020 j\u00e1 \u00e9 a maior desde o in\u00edcio da s\u00e9rie de alertas do sistema de monitoramento por sat\u00e9lite Deter B, do Instituto Nacional de Pesquisas Espaciais (Inpe), e pode vir a ser a maior desde 2006. A explos\u00e3o do corte raso e das amea\u00e7as aos povos ind\u00edgenas no governo Bolsonaro fizeram investidores estrangeiros amea\u00e7arem retirar investimentos do pa\u00eds. Por isso, a morat\u00f3ria \u00e9 necess\u00e1ria.<\/span><\/p>\n<p><span style=\"font-weight: 400\">Na carta, as organiza\u00e7\u00f5es lembram que o Brasil, no come\u00e7o do s\u00e9culo, conseguiu reduzir a taxa de desmatamento e ao mesmo tempo ampliar a produ\u00e7\u00e3o agropecu\u00e1ria e o Produto Interno Bruto (PIB). \u201cO atual governo, por\u00e9m, n\u00e3o apresenta qualquer resqu\u00edcio de interesse ou capacidade em seguir este caminho\u201d, afirma o documento. \u201cSuas a\u00e7\u00f5es baseiam-se em medidas falaciosas e campanhas publicit\u00e1rias que tentam mascarar a realidade. Mesmo o envio de for\u00e7as militares para a Amaz\u00f4nia tem sido pouco eficaz.\u201d<\/span><\/p>\n<h2><strong>Morat\u00f3ria ao desmatamento<\/strong><\/h2>\n<p><span style=\"font-weight: 400\">As cinco medidas emergenciais propostas incluem, al\u00e9m da morat\u00f3ria ao desmate, o endurecimento das penas aos crimes ambientais, inclusive o bloqueio de bens dos cem maiores desmatadores da Amaz\u00f4nia; a retomada imediata do PPCDAm \u2014 o plano de controle do desmatamento que vigorou por cinco mandatos presidenciais at\u00e9 ser engavetado por Jair Bolsonaro; a demarca\u00e7\u00e3o de terras ind\u00edgenas, a titula\u00e7\u00e3o de territ\u00f3rios quilombolas e cria\u00e7\u00e3o de 10 milh\u00f5es de hectares em unidades de conserva\u00e7\u00e3o; e a reestrutura\u00e7\u00e3o do Instituto Brasileiro do Meio Ambiente e dos Recursos Naturais Renov\u00e1veis (Ibama), do Instituto Chico Mendes de Conserva\u00e7\u00e3o da Biodiversidade (IMCBio) e da Funda\u00e7\u00e3o Nacional do \u00cdndio (Funai), desarticulados e aparelhados pelo atual governo.<\/span><\/p>\n<p><span style=\"font-weight: 400\">A morat\u00f3ria ao desmatamento comporta exce\u00e7\u00f5es. Atividades de subsist\u00eancia de popula\u00e7\u00f5es tradicionais, agricultura familiar e planos de manejo sustent\u00e1vel de madeira, por exemplo, ainda seriam admitidos.\u00a0<\/span><\/p>\n<figure id=\"attachment_1422\" aria-describedby=\"caption-attachment-1422\" style=\"width: 400px\" class=\"wp-caption alignleft\"><img loading=\"lazy\" decoding=\"async\" class=\"wp-image-1422 size-full\" src=\"https:\/\/blogs.correiobraziliense.com.br\/4elementos\/wp-content\/uploads\/sites\/53\/2020\/08\/astrini.jpg\" alt=\"\" width=\"400\" height=\"400\" srcset=\"https:\/\/blogs.correiobraziliense.com.br\/4elementos\/wp-content\/uploads\/sites\/53\/2020\/08\/astrini.jpg 400w, https:\/\/blogs.correiobraziliense.com.br\/4elementos\/wp-content\/uploads\/sites\/53\/2020\/08\/astrini-150x150.jpg 150w, https:\/\/blogs.correiobraziliense.com.br\/4elementos\/wp-content\/uploads\/sites\/53\/2020\/08\/astrini-300x300.jpg 300w, https:\/\/blogs.correiobraziliense.com.br\/4elementos\/wp-content\/uploads\/sites\/53\/2020\/08\/astrini-230x230.jpg 230w\" sizes=\"auto, (max-width: 400px) 100vw, 400px\" \/><figcaption id=\"caption-attachment-1422\" class=\"wp-caption-text\">M\u00e1rcio Astrini, do Observat\u00f3rio do Clima<\/figcaption><\/figure>\n<p><span style=\"font-weight: 400\">\u201cTodas as medidas elencadas na carta s\u00e3o fact\u00edveis. Algumas delas s\u00e3o inclusive obriga\u00e7\u00f5es constitucionais, que o governo n\u00e3o est\u00e1 cumprindo\u201d, disse Marcio Astrini, secret\u00e1rio-executivo do Observat\u00f3rio do Clima, uma das redes signat\u00e1rias.<\/span><\/p>\n<p><span style=\"font-weight: 400\">\u201cO objetivo \u00e9 resolver uma situa\u00e7\u00e3o aguda na qual o paciente \u2014 no caso, a Amaz\u00f4nia \u2014 est\u00e1 sob risco de vida para depois discutirmos as medidas estruturantes que permitir\u00e3o a recupera\u00e7\u00e3o do doente. Algumas delas, ali\u00e1s, j\u00e1 constavam no plano de preven\u00e7\u00e3o e controle do desmatamento enterrado pelo governo Bolsonaro.\u201d\u00a0<\/span><\/p>\n<p>&nbsp;<\/p>\n","protected":false},"excerpt":{"rendered":"<p>Morat\u00f3ria de pelo menos cinco anos na devasta\u00e7\u00e3o da Amaz\u00f4nia \u00e9 uma das propostas que mais de 60 organiza\u00e7\u00f5es e coletivos da sociedade civil entregaram, nesta quinta-feira (6\/8), aos presidentes da C\u00e2mara dos Deputados, Rodrigo Maia (DEM-RJ), e do Senado, Davi Alcolumbre (DEM-AP), a investidores estrangeiros e a parlamentares brasileiros e europeus. A carta elenca cinco propostas emergenciais para conter [&hellip;]<\/p>\n","protected":false},"author":114,"featured_media":0,"comment_status":"open","ping_status":"open","sticky":false,"template":"","format":"standard","meta":{"footnotes":""},"categories":[155,247],"tags":[4,91,80,7,66,344,315,93],"class_list":["post-1421","post","type-post","status-publish","format-standard","hentry","category-catastrofe-ambiental","category-cidadania","tag-4elementos1planeta","tag-amazonia","tag-ambientalistas","tag-conscientizacao","tag-desmatamento","tag-moratoria","tag-observatorio-do-clima","tag-queimadas"],"_links":{"self":[{"href":"https:\/\/blogs.correiobraziliense.com.br\/4elementos\/wp-json\/wp\/v2\/posts\/1421","targetHints":{"allow":["GET"]}}],"collection":[{"href":"https:\/\/blogs.correiobraziliense.com.br\/4elementos\/wp-json\/wp\/v2\/posts"}],"about":[{"href":"https:\/\/blogs.correiobraziliense.com.br\/4elementos\/wp-json\/wp\/v2\/types\/post"}],"author":[{"embeddable":true,"href":"https:\/\/blogs.correiobraziliense.com.br\/4elementos\/wp-json\/wp\/v2\/users\/114"}],"replies":[{"embeddable":true,"href":"https:\/\/blogs.correiobraziliense.com.br\/4elementos\/wp-json\/wp\/v2\/comments?post=1421"}],"version-history":[{"count":3,"href":"https:\/\/blogs.correiobraziliense.com.br\/4elementos\/wp-json\/wp\/v2\/posts\/1421\/revisions"}],"predecessor-version":[{"id":1425,"href":"https:\/\/blogs.correiobraziliense.com.br\/4elementos\/wp-json\/wp\/v2\/posts\/1421\/revisions\/1425"}],"wp:attachment":[{"href":"https:\/\/blogs.correiobraziliense.com.br\/4elementos\/wp-json\/wp\/v2\/media?parent=1421"}],"wp:term":[{"taxonomy":"category","embeddable":true,"href":"https:\/\/blogs.correiobraziliense.com.br\/4elementos\/wp-json\/wp\/v2\/categories?post=1421"},{"taxonomy":"post_tag","embeddable":true,"href":"https:\/\/blogs.correiobraziliense.com.br\/4elementos\/wp-json\/wp\/v2\/tags?post=1421"}],"curies":[{"name":"wp","href":"https:\/\/api.w.org\/{rel}","templated":true}]}}