{"id":1415,"date":"2020-08-04T13:55:05","date_gmt":"2020-08-04T16:55:05","guid":{"rendered":"https:\/\/blogs.correiobraziliense.com.br\/4elementos\/?p=1415"},"modified":"2020-08-04T13:55:05","modified_gmt":"2020-08-04T16:55:05","slug":"mma-propoe-desconsiderar-meta-de-reducao-do-desmatamento-ilegal","status":"publish","type":"post","link":"https:\/\/blogs.correiobraziliense.com.br\/4elementos\/2020\/08\/04\/mma-propoe-desconsiderar-meta-de-reducao-do-desmatamento-ilegal\/","title":{"rendered":"MMA prop\u00f5e desconsiderar meta de redu\u00e7\u00e3o do desmatamento ilegal"},"content":{"rendered":"<p><span style=\"font-weight: 400\">Meta de desmatamento ilegal pode ser descumprida pelo Minist\u00e9rio do Meio Ambiente (MMA). Em mais uma medida contestada por ambientalistas, o ministro do Meio Ambiente, Ricardo Salles, n\u00e3o pretende cumprir a meta de redu\u00e7\u00e3o da devasta\u00e7\u00e3o ambiental no Brasi. A sua equipe prop\u00f5e que o objetivo de diminuir o desmatamento e os inc\u00eandios ilegais em 90% em todo o pa\u00eds, previsto no Plano Plurianual (PPA) do governo at\u00e9 2023 seja desconsiderado.\u00a0<\/span><\/p>\n<p><span style=\"font-weight: 400\">A meta foi aprovada em dezembro de 2019 pelo Congresso e sancionada pelo presidente Jair Bolsonaro. O MMA, no entanto, defende a garantia de preserva\u00e7\u00e3o de apenas uma \u00e1rea espec\u00edfica de 390 mil hectares de vegeta\u00e7\u00e3o nativa na Amaz\u00f4nia por meio de um programa rec\u00e9m-criado, o Floresta+ Amaz\u00f4nia. As informa\u00e7\u00f5es s\u00e3o do <\/span><i><span style=\"font-weight: 400\">Estad\u00e3o.<\/span><\/i><\/p>\n<p><span style=\"font-weight: 400\">Para Mariana Mota, coordenadora de Pol\u00edticas P\u00fablicas do Greenpeace, reduzir a meta de desmatamento ilegal prova, mais uma vez, que o governo Bolsonaro trabalha para colocar em pr\u00e1tica um projeto antiambiental no Brasil. \u201cSe o problema fosse incompet\u00eancia, seria grave, mas contorn\u00e1vel &#8212; mudan\u00e7as na equipe solucionariam. Contudo, o problema est\u00e1 na inten\u00e7\u00e3o perversa do governo de atuar em prol do desmatamento e do crime ambiental. O projeto do governo passa justamente por n\u00e3o ter plano, meta ou or\u00e7amento capaz de proteger nossos recursos naturais de forma concreta\u201d, criticou.\u00a0<\/span><\/p>\n<p><span style=\"font-weight: 400\">Segundo a ambientalista, a propostas s\u00f3 levam ao enfraquecimento da capacidade dos \u00f3rg\u00e3os, estruturas e equipes respons\u00e1veis pela prote\u00e7\u00e3o e preserva\u00e7\u00e3o do meio ambiente operarem no pa\u00eds. \u201cSalles sabe que, para conter o desmatamento, que j\u00e1 \u00e9 o maior da d\u00e9cada, com indicativos de subir ainda mais este ano, \u00e9 preciso muito mais que um Programa de Servi\u00e7os Ambientais (PSA). \u00c9 inconceb\u00edvel que, ap\u00f3s um ano e meio sem medidas concretas apresentadas, a novidade do governo seja, enfim, assumir que n\u00e3o ir\u00e1 reduzir o desmatamento nos n\u00edveis \u00e0 altura da import\u00e2ncia da floresta amaz\u00f4nica\u201d, lamentou.<\/span><\/p>\n<h2><strong>Nivelar por baixo<\/strong><\/h2>\n<p><span style=\"font-weight: 400\">Mariana Mota disse que \u201cnivelar por baixo\u201d a meta de redu\u00e7\u00e3o de desmatamento prejudica as florestas e o clima global e \u201cgera ainda mais constrangimentos internacionais num momento que investidores, empresas e outros pa\u00edses querem manter dist\u00e2ncia do Brasil, o que traz mais preju\u00edzos para a popula\u00e7\u00e3o e a economia brasileira\u201d.\u00a0<\/span><\/p>\n<p><span style=\"font-weight: 400\">O Brasil tem sido alvo de cr\u00edticas internacionais, por fundos de investimentos, e nacionais, por empres\u00e1rios de grandes companhias, por conta da pol\u00edtica ambiental, sem medidas eficazes de controle sobre o desmatamento na Amaz\u00f4nia Legal.<\/span><\/p>\n<p><span style=\"font-weight: 400\">O Minist\u00e9rio da Economia soltou nota nesta ter\u00e7a-feira (4\/8) lembrando que \u201co Brasil j\u00e1 tem meta de redu\u00e7\u00e3o de 100% do desmatamento ilegal at\u00e9 2030, previsto na nossa Contribui\u00e7\u00e3o Nacionalmente Determinada (NDC), a qual est\u00e1 mantida\u201d.\u00a0<\/span><\/p>\n<p><span style=\"font-weight: 400\">\u201cO Minist\u00e9rio da Economia concorda com o pleito apresentado pelo Minist\u00e9rio do Meio Ambiente de tornar a meta do Programa de Preven\u00e7\u00e3o e Controle do Desmatamento e do Inc\u00eandio dos Biomas do PPA compat\u00edvel com as metas definidas no Acordo de Paris. Desse modo, as metas intermedi\u00e1rias devem indicar os programas que ser\u00e3o utilizados nos pr\u00f3ximo 4 anos para contribuir para zerar o desmatamento ilegal em 10 anos, e \u00e9 isso que est\u00e1 sendo ajustado no PPA. O MMA prop\u00f4s, ainda, que o Programa de Combate ao Desmatamento passe envolver os demais minist\u00e9rios necess\u00e1rios ao enfrentamento do tema e o Minist\u00e9rio da Economia, tamb\u00e9m, concorda com a proposta.\u201d<\/span><\/p>\n","protected":false},"excerpt":{"rendered":"<p>Meta de desmatamento ilegal pode ser descumprida pelo Minist\u00e9rio do Meio Ambiente (MMA). Em mais uma medida contestada por ambientalistas, o ministro do Meio Ambiente, Ricardo Salles, n\u00e3o pretende cumprir a meta de redu\u00e7\u00e3o da devasta\u00e7\u00e3o ambiental no Brasi. A sua equipe prop\u00f5e que o objetivo de diminuir o desmatamento e os inc\u00eandios ilegais em 90% em todo o pa\u00eds, [&hellip;]<\/p>\n","protected":false},"author":114,"featured_media":578,"comment_status":"open","ping_status":"open","sticky":false,"template":"","format":"standard","meta":{"footnotes":""},"categories":[155,1],"tags":[4,80,66,343,168,169],"class_list":["post-1415","post","type-post","status-publish","format-standard","has-post-thumbnail","hentry","category-catastrofe-ambiental","category-sem-categoria","tag-4elementos1planeta","tag-ambientalistas","tag-desmatamento","tag-desmatamento-ilegal","tag-mma","tag-ricardo-salles"],"_links":{"self":[{"href":"https:\/\/blogs.correiobraziliense.com.br\/4elementos\/wp-json\/wp\/v2\/posts\/1415","targetHints":{"allow":["GET"]}}],"collection":[{"href":"https:\/\/blogs.correiobraziliense.com.br\/4elementos\/wp-json\/wp\/v2\/posts"}],"about":[{"href":"https:\/\/blogs.correiobraziliense.com.br\/4elementos\/wp-json\/wp\/v2\/types\/post"}],"author":[{"embeddable":true,"href":"https:\/\/blogs.correiobraziliense.com.br\/4elementos\/wp-json\/wp\/v2\/users\/114"}],"replies":[{"embeddable":true,"href":"https:\/\/blogs.correiobraziliense.com.br\/4elementos\/wp-json\/wp\/v2\/comments?post=1415"}],"version-history":[{"count":3,"href":"https:\/\/blogs.correiobraziliense.com.br\/4elementos\/wp-json\/wp\/v2\/posts\/1415\/revisions"}],"predecessor-version":[{"id":1418,"href":"https:\/\/blogs.correiobraziliense.com.br\/4elementos\/wp-json\/wp\/v2\/posts\/1415\/revisions\/1418"}],"wp:featuredmedia":[{"embeddable":true,"href":"https:\/\/blogs.correiobraziliense.com.br\/4elementos\/wp-json\/wp\/v2\/media\/578"}],"wp:attachment":[{"href":"https:\/\/blogs.correiobraziliense.com.br\/4elementos\/wp-json\/wp\/v2\/media?parent=1415"}],"wp:term":[{"taxonomy":"category","embeddable":true,"href":"https:\/\/blogs.correiobraziliense.com.br\/4elementos\/wp-json\/wp\/v2\/categories?post=1415"},{"taxonomy":"post_tag","embeddable":true,"href":"https:\/\/blogs.correiobraziliense.com.br\/4elementos\/wp-json\/wp\/v2\/tags?post=1415"}],"curies":[{"name":"wp","href":"https:\/\/api.w.org\/{rel}","templated":true}]}}