{"id":137,"date":"2019-06-18T16:07:35","date_gmt":"2019-06-18T19:07:35","guid":{"rendered":"https:\/\/blogs.correiobraziliense.com.br\/4elementos\/?p=137"},"modified":"2019-06-18T16:18:54","modified_gmt":"2019-06-18T19:18:54","slug":"consumo-de-energia-limpa-evita-a-emissao-de-35-milhoes-t-de-co2","status":"publish","type":"post","link":"https:\/\/blogs.correiobraziliense.com.br\/4elementos\/2019\/06\/18\/consumo-de-energia-limpa-evita-a-emissao-de-35-milhoes-t-de-co2\/","title":{"rendered":"Consumo de energia limpa evita a emiss\u00e3o de 3,5 milh\u00f5es\/t de CO2"},"content":{"rendered":"<p>Em nove anos, empresas que consumiram energia limpa &#8211; eletricidade gerada a partir de fontes ambientalmente amig\u00e1veis, como e\u00f3lica, solar, biomassa e h\u00eddrica &#8211; impediram a emiss\u00e3o de 3,5 milh\u00f5es de toneladas de di\u00f3xido de carbono (CO2), um dos principais gases de efeito estufa.<\/p>\n<p><img loading=\"lazy\" decoding=\"async\" class=\"wp-image-151 size-medium alignleft\" src=\"https:\/\/blogs.correiobraziliense.com.br\/4elementos\/wp-content\/uploads\/sites\/53\/2019\/06\/floresta-plantada-e1560885416365-300x195.jpg\" alt=\"\" width=\"300\" height=\"195\" srcset=\"https:\/\/blogs.correiobraziliense.com.br\/4elementos\/wp-content\/uploads\/sites\/53\/2019\/06\/floresta-plantada-e1560885416365-300x195.jpg 300w, https:\/\/blogs.correiobraziliense.com.br\/4elementos\/wp-content\/uploads\/sites\/53\/2019\/06\/floresta-plantada-e1560885416365-550x358.jpg 550w, https:\/\/blogs.correiobraziliense.com.br\/4elementos\/wp-content\/uploads\/sites\/53\/2019\/06\/floresta-plantada-e1560885416365-230x150.jpg 230w, https:\/\/blogs.correiobraziliense.com.br\/4elementos\/wp-content\/uploads\/sites\/53\/2019\/06\/floresta-plantada-e1560885416365.jpg 592w\" sizes=\"auto, (max-width: 300px) 100vw, 300px\" \/><\/p>\n<p>Os dados s\u00e3o da Comerc Energia, que emitiu 5 mil certificados para empresas que consumiram voluntariamente energia limpa. A n\u00e3o emiss\u00e3o desse volume de CO2 equivale ao plantio de mais de 24,5 milh\u00f5es de \u00e1rvores no per\u00edodo.<\/p>\n<p>S\u00f3 em 2018, o total de toneladas de CO2 suprimidas superou a marca de 669 mil, o equivalente a quase 4,7 milh\u00f5es de \u00e1rvores plantadas.<\/p>\n<h4><\/h4>\n<h4>Confira a evolu\u00e7\u00e3o na tabela da Comerc:<\/h4>\n<p><img loading=\"lazy\" decoding=\"async\" class=\"alignnone size-full wp-image-138\" src=\"https:\/\/blogs.correiobraziliense.com.br\/4elementos\/wp-content\/uploads\/sites\/53\/2019\/06\/tabela-comerc.jpg\" alt=\"\" width=\"525\" height=\"361\" srcset=\"https:\/\/blogs.correiobraziliense.com.br\/4elementos\/wp-content\/uploads\/sites\/53\/2019\/06\/tabela-comerc.jpg 525w, https:\/\/blogs.correiobraziliense.com.br\/4elementos\/wp-content\/uploads\/sites\/53\/2019\/06\/tabela-comerc-300x206.jpg 300w, https:\/\/blogs.correiobraziliense.com.br\/4elementos\/wp-content\/uploads\/sites\/53\/2019\/06\/tabela-comerc-230x158.jpg 230w\" sizes=\"auto, (max-width: 525px) 100vw, 525px\" \/><\/p>\n<p>&nbsp;<\/p>\n<h2><img loading=\"lazy\" decoding=\"async\" class=\"wp-image-139 size-thumbnail alignleft\" src=\"https:\/\/blogs.correiobraziliense.com.br\/4elementos\/wp-content\/uploads\/sites\/53\/2019\/06\/negativo-150x150.jpg\" alt=\"\" width=\"150\" height=\"150\" srcset=\"https:\/\/blogs.correiobraziliense.com.br\/4elementos\/wp-content\/uploads\/sites\/53\/2019\/06\/negativo-150x150.jpg 150w, https:\/\/blogs.correiobraziliense.com.br\/4elementos\/wp-content\/uploads\/sites\/53\/2019\/06\/negativo-300x300.jpg 300w, https:\/\/blogs.correiobraziliense.com.br\/4elementos\/wp-content\/uploads\/sites\/53\/2019\/06\/negativo-768x768.jpg 768w, https:\/\/blogs.correiobraziliense.com.br\/4elementos\/wp-content\/uploads\/sites\/53\/2019\/06\/negativo-550x550.jpg 550w, https:\/\/blogs.correiobraziliense.com.br\/4elementos\/wp-content\/uploads\/sites\/53\/2019\/06\/negativo-230x230.jpg 230w, https:\/\/blogs.correiobraziliense.com.br\/4elementos\/wp-content\/uploads\/sites\/53\/2019\/06\/negativo.jpg 1024w\" sizes=\"auto, (max-width: 150px) 100vw, 150px\" \/><\/h2>\n<h2><strong>Por outro lado&#8230;<\/strong><\/h2>\n<p>O governo federal concedeu R$ 85 bilh\u00f5es em subs\u00eddios no ano passado para energia suja, aponta estudo do Instituto de Estudos Socioecon\u00f4micos (Inesc). O aporte auxiliou produtores de petr\u00f3leo, carv\u00e3o mineral e g\u00e1s natural e garantiu aos consumidores pre\u00e7o menor na aquisi\u00e7\u00e3o desses produtos.<\/p>\n<p>Para chegar a essa cifra, a organiza\u00e7\u00e3o somou todo o dinheiro que deixou de entrar nos cofres p\u00fablicos \u2013 devido aos in\u00fameros regimes especiais de tributa\u00e7\u00e3o e programas de isen\u00e7\u00e3o de impostos \u2013, mais os recursos oriundos do Or\u00e7amento da Uni\u00e3o para incentivar a atividade.<\/p>\n<p>Segundo as pesquisadoras do Inesc Alessandra Cardoso e Nathalie Beghin, os R$ 85 bilh\u00f5es equivalem a 2,8 vezes o or\u00e7amento do Bolsa Fam\u00edlia ou 24 vezes o valor repassado ao Minist\u00e9rio do Meio Ambiente (R$ 3,49 bilh\u00f5es) no ano passado.<\/p>\n<p>No total, os benef\u00edcios concedidos aos produtores de combust\u00edveis f\u00f3sseis respondem por 27% dos subs\u00eddios ou R$ 22,89 bilh\u00f5es no ano.\u00a0J\u00e1 os subs\u00eddios ao consumo, que atingiram R$ 62,24 bilh\u00f5es ou 73% do montante total, abrangem a diminui\u00e7\u00e3o das al\u00edquotas para diesel e gasolina do PIS\/Cofins, uma perda de R$ 2,88 bilh\u00f5es, e da Contribui\u00e7\u00e3o de Interven\u00e7\u00e3o do Dom\u00ednio Econ\u00f4mico (Cide), de R$ 47,4 bilh\u00f5es.<\/p>\n<p>&nbsp;<\/p>\n","protected":false},"excerpt":{"rendered":"<p>Em nove anos, empresas que consumiram energia limpa &#8211; eletricidade gerada a partir de fontes ambientalmente amig\u00e1veis, como e\u00f3lica, solar, biomassa e h\u00eddrica &#8211; impediram a emiss\u00e3o de 3,5 milh\u00f5es de toneladas de di\u00f3xido de carbono (CO2), um dos principais gases de efeito estufa. Os dados s\u00e3o da Comerc Energia, que emitiu 5 mil certificados para empresas que consumiram voluntariamente [&hellip;]<\/p>\n","protected":false},"author":114,"featured_media":0,"comment_status":"open","ping_status":"open","sticky":false,"template":"","format":"standard","meta":{"footnotes":""},"categories":[34,2],"tags":[4,33,24,31,32],"class_list":["post-137","post","type-post","status-publish","format-standard","hentry","category-energia","category-sustentabilidade","tag-4elementos1planeta","tag-comerc","tag-energia-limpa","tag-gases-de-efeito-estufa","tag-inesc"],"_links":{"self":[{"href":"https:\/\/blogs.correiobraziliense.com.br\/4elementos\/wp-json\/wp\/v2\/posts\/137","targetHints":{"allow":["GET"]}}],"collection":[{"href":"https:\/\/blogs.correiobraziliense.com.br\/4elementos\/wp-json\/wp\/v2\/posts"}],"about":[{"href":"https:\/\/blogs.correiobraziliense.com.br\/4elementos\/wp-json\/wp\/v2\/types\/post"}],"author":[{"embeddable":true,"href":"https:\/\/blogs.correiobraziliense.com.br\/4elementos\/wp-json\/wp\/v2\/users\/114"}],"replies":[{"embeddable":true,"href":"https:\/\/blogs.correiobraziliense.com.br\/4elementos\/wp-json\/wp\/v2\/comments?post=137"}],"version-history":[{"count":13,"href":"https:\/\/blogs.correiobraziliense.com.br\/4elementos\/wp-json\/wp\/v2\/posts\/137\/revisions"}],"predecessor-version":[{"id":152,"href":"https:\/\/blogs.correiobraziliense.com.br\/4elementos\/wp-json\/wp\/v2\/posts\/137\/revisions\/152"}],"wp:attachment":[{"href":"https:\/\/blogs.correiobraziliense.com.br\/4elementos\/wp-json\/wp\/v2\/media?parent=137"}],"wp:term":[{"taxonomy":"category","embeddable":true,"href":"https:\/\/blogs.correiobraziliense.com.br\/4elementos\/wp-json\/wp\/v2\/categories?post=137"},{"taxonomy":"post_tag","embeddable":true,"href":"https:\/\/blogs.correiobraziliense.com.br\/4elementos\/wp-json\/wp\/v2\/tags?post=137"}],"curies":[{"name":"wp","href":"https:\/\/api.w.org\/{rel}","templated":true}]}}