{"id":1301,"date":"2020-07-13T13:17:58","date_gmt":"2020-07-13T16:17:58","guid":{"rendered":"https:\/\/blogs.correiobraziliense.com.br\/4elementos\/?p=1301"},"modified":"2020-07-13T13:17:58","modified_gmt":"2020-07-13T16:17:58","slug":"ministra-tereza-cristina-defende-regularizacao-fundiaria-para-pais-avancar","status":"publish","type":"post","link":"https:\/\/blogs.correiobraziliense.com.br\/4elementos\/2020\/07\/13\/ministra-tereza-cristina-defende-regularizacao-fundiaria-para-pais-avancar\/","title":{"rendered":"Ministra Tereza Cristina defende regulariza\u00e7\u00e3o fundi\u00e1ria para pa\u00eds avan\u00e7ar"},"content":{"rendered":"<p><span style=\"font-weight: 400\">A ministra da Agricultura, Tereza Cristina, defendeu, nesta segunda-feira (13\/7), a regulariza\u00e7\u00e3o fundi\u00e1ria prevista no Projeto de Lei 2633\/2020 para o pa\u00eds avan\u00e7ar na implementa\u00e7\u00e3o do c\u00f3digo florestal. O PL substitui a MP 910\/2019, que mobilizou ambientalistas em todo mundo, por ser considerada uma medida capaz de \u201cinstitucionalizar a grilagem\u201d. Ao caducar no Congresso, virou PL com o mesmo teor.<\/span><\/p>\n<p><span style=\"font-weight: 400\"><img loading=\"lazy\" decoding=\"async\" class=\"wp-image-1302 size-medium alignright\" src=\"https:\/\/blogs.correiobraziliense.com.br\/4elementos\/wp-content\/uploads\/sites\/53\/2020\/07\/tereza-300x180.jpg\" alt=\"\" width=\"300\" height=\"180\" srcset=\"https:\/\/blogs.correiobraziliense.com.br\/4elementos\/wp-content\/uploads\/sites\/53\/2020\/07\/tereza-300x180.jpg 300w, https:\/\/blogs.correiobraziliense.com.br\/4elementos\/wp-content\/uploads\/sites\/53\/2020\/07\/tereza-768x461.jpg 768w, https:\/\/blogs.correiobraziliense.com.br\/4elementos\/wp-content\/uploads\/sites\/53\/2020\/07\/tereza-1024x615.jpg 1024w, https:\/\/blogs.correiobraziliense.com.br\/4elementos\/wp-content\/uploads\/sites\/53\/2020\/07\/tereza-550x330.jpg 550w, https:\/\/blogs.correiobraziliense.com.br\/4elementos\/wp-content\/uploads\/sites\/53\/2020\/07\/tereza-230x138.jpg 230w, https:\/\/blogs.correiobraziliense.com.br\/4elementos\/wp-content\/uploads\/sites\/53\/2020\/07\/tereza.jpg 1086w\" sizes=\"auto, (max-width: 300px) 100vw, 300px\" \/>Em uma live com o setor de caf\u00e9, nesta segunda-feira, a ministra disse que as discuss\u00f5es sobre sustentabilidade, devem aumentar \u201cpassada a pandemia\u201d. Tereza Cristina destacou que, no cen\u00e1rio p\u00f3s-covid-19, v\u00e3o aumentar as exig\u00eancias de certifica\u00e7\u00e3o, rastreabilidade e sobre embalagem. \u201cDevemos nos preparar para atender as exig\u00eancias do mercado internacional, por meio da coopera\u00e7\u00e3o entre governo e a cadeia produtiva\u201d, sustentou.<\/span><\/p>\n<p><span style=\"font-weight: 400\">Ao enumerar os desafios do Brasil, diante do tema que tem provocado rea\u00e7\u00f5es internacionais, a ministra citou \u201ca necessidade de regulariza\u00e7\u00e3o fundi\u00e1ria, para solucionar conflitos agr\u00e1rios hist\u00f3ricos e avan\u00e7ar na implementa\u00e7\u00e3o do c\u00f3digo florestal\u201d. Contudo, o PL 2633, para os ambientalistas, representa retrocessos socioambientais e compartilha da mesma base da MP do Executivo, ou seja, o est\u00edmulo ao desmatamento, invas\u00f5es, crimes e conflitos.<\/span><\/p>\n<p><span style=\"font-weight: 400\">O PL, apesar de ter diminu\u00eddo de 15 para 6 m\u00f3dulos fiscais as \u00e1reas que poder\u00e3o ser regularizadas por auto declara\u00e7\u00e3o, ainda \u00e9 um est\u00edmulo \u00e0s grilagens, desmatamentos ilegais, intensifica\u00e7\u00e3o dos conflitos no campo, com destaque \u00e0s comunidades tradicionais e povos ind\u00edgenas.\u00a0<\/span><\/p>\n<p>&nbsp;<\/p>\n","protected":false},"excerpt":{"rendered":"<p>A ministra da Agricultura, Tereza Cristina, defendeu, nesta segunda-feira (13\/7), a regulariza\u00e7\u00e3o fundi\u00e1ria prevista no Projeto de Lei 2633\/2020 para o pa\u00eds avan\u00e7ar na implementa\u00e7\u00e3o do c\u00f3digo florestal. O PL substitui a MP 910\/2019, que mobilizou ambientalistas em todo mundo, por ser considerada uma medida capaz de \u201cinstitucionalizar a grilagem\u201d. Ao caducar no Congresso, virou PL com o mesmo teor. [&hellip;]<\/p>\n","protected":false},"author":114,"featured_media":0,"comment_status":"open","ping_status":"open","sticky":false,"template":"","format":"standard","meta":{"footnotes":""},"categories":[3,2],"tags":[4,243,317,6,263,5,316],"class_list":["post-1301","post","type-post","status-publish","format-standard","hentry","category-meio-ambiente","category-sustentabilidade","tag-4elementos1planeta","tag-grilagem","tag-mapa","tag-meio-ambiente","tag-pl-2633","tag-sustentabilidade","tag-tereza-cristina"],"_links":{"self":[{"href":"https:\/\/blogs.correiobraziliense.com.br\/4elementos\/wp-json\/wp\/v2\/posts\/1301","targetHints":{"allow":["GET"]}}],"collection":[{"href":"https:\/\/blogs.correiobraziliense.com.br\/4elementos\/wp-json\/wp\/v2\/posts"}],"about":[{"href":"https:\/\/blogs.correiobraziliense.com.br\/4elementos\/wp-json\/wp\/v2\/types\/post"}],"author":[{"embeddable":true,"href":"https:\/\/blogs.correiobraziliense.com.br\/4elementos\/wp-json\/wp\/v2\/users\/114"}],"replies":[{"embeddable":true,"href":"https:\/\/blogs.correiobraziliense.com.br\/4elementos\/wp-json\/wp\/v2\/comments?post=1301"}],"version-history":[{"count":3,"href":"https:\/\/blogs.correiobraziliense.com.br\/4elementos\/wp-json\/wp\/v2\/posts\/1301\/revisions"}],"predecessor-version":[{"id":1305,"href":"https:\/\/blogs.correiobraziliense.com.br\/4elementos\/wp-json\/wp\/v2\/posts\/1301\/revisions\/1305"}],"wp:attachment":[{"href":"https:\/\/blogs.correiobraziliense.com.br\/4elementos\/wp-json\/wp\/v2\/media?parent=1301"}],"wp:term":[{"taxonomy":"category","embeddable":true,"href":"https:\/\/blogs.correiobraziliense.com.br\/4elementos\/wp-json\/wp\/v2\/categories?post=1301"},{"taxonomy":"post_tag","embeddable":true,"href":"https:\/\/blogs.correiobraziliense.com.br\/4elementos\/wp-json\/wp\/v2\/tags?post=1301"}],"curies":[{"name":"wp","href":"https:\/\/api.w.org\/{rel}","templated":true}]}}