{"id":1283,"date":"2020-07-08T12:46:06","date_gmt":"2020-07-08T15:46:06","guid":{"rendered":"http:\/\/blogs.correiobraziliense.com.br\/4elementos\/?p=1283"},"modified":"2020-07-08T12:46:06","modified_gmt":"2020-07-08T15:46:06","slug":"fritado-no-governo-salles-prepara-decreto-para-proibir-incendio-na-amazonia","status":"publish","type":"post","link":"https:\/\/blogs.correiobraziliense.com.br\/4elementos\/2020\/07\/08\/fritado-no-governo-salles-prepara-decreto-para-proibir-incendio-na-amazonia\/","title":{"rendered":"Fritado, Salles prepara decreto para proibir inc\u00eandio na Amaz\u00f4nia"},"content":{"rendered":"<p><span style=\"font-weight: 400\">Ap\u00f3s o aumento da press\u00e3o para sa\u00edda de Ricardo Salles do Minist\u00e9rio do Meio Ambiente (MMA), tanto de investidores estrangeiros e grandes empresas quanto de dentro do pr\u00f3prio governo, o ministro tem dito a aliados que vem sendo \u201cfritado\u201d pela ala militar. Para ele, o grupo quer colocar algu\u00e9m de sua confian\u00e7a no cargo. O pr\u00f3prio Salles, ciente da fritura que est\u00e1 sofrendo e do desgaste desde a declara\u00e7\u00e3o de que queria aproveitar a pandemia para \u201cpassar a boiada\u201d, tem admitido estar cansado do MMA.<\/span><\/p>\n<figure id=\"attachment_569\" aria-describedby=\"caption-attachment-569\" style=\"width: 196px\" class=\"wp-caption alignright\"><img loading=\"lazy\" decoding=\"async\" class=\"wp-image-569 size-medium\" src=\"http:\/\/blogs.correiobraziliense.com.br\/4elementos\/wp-content\/uploads\/sites\/53\/2019\/11\/salles-1-196x300.jpg\" alt=\"\" width=\"196\" height=\"300\" srcset=\"https:\/\/blogs.correiobraziliense.com.br\/4elementos\/wp-content\/uploads\/sites\/53\/2019\/11\/salles-1-196x300.jpg 196w, https:\/\/blogs.correiobraziliense.com.br\/4elementos\/wp-content\/uploads\/sites\/53\/2019\/11\/salles-1-230x351.jpg 230w, https:\/\/blogs.correiobraziliense.com.br\/4elementos\/wp-content\/uploads\/sites\/53\/2019\/11\/salles-1.jpg 448w\" sizes=\"auto, (max-width: 196px) 100vw, 196px\" \/><figcaption id=\"caption-attachment-569\" class=\"wp-caption-text\">Ministro do Meio Ambiente, Ricardo Salles<\/figcaption><\/figure>\n<p><span style=\"font-weight: 400\">Pelo menos, a press\u00e3o das grandes empresas e das institui\u00e7\u00f5es financeiras mundiais &#8212; preocupadas com o afrouxamento da fiscaliza\u00e7\u00e3o contra o desmatamento e as queimadas na Amaz\u00f4nia &#8212; surtiu efeito. O governo de Jair Bolsonaro deve decretar nos pr\u00f3ximos dias uma \u201cmorat\u00f3ria absoluta\u201d das queimadas na regi\u00e3o da Amaz\u00f4nia por 120 dias. Essa medida afetar\u00e1 tamb\u00e9m o Pantanal.<\/span><\/p>\n<p><span style=\"font-weight: 400\">O vice-presidente Hamilton Mour\u00e3o, coordenador do Conselho da Amaz\u00f4nia, disse que Salles est\u00e1 confeccionando o decreto, que deve ser encaminhado \u201co mais r\u00e1pido poss\u00edvel\u201d para avalia\u00e7\u00e3o do Pal\u00e1cio do Planalto.<\/span><\/p>\n<p><span style=\"font-weight: 400\">Com a morat\u00f3ria por 120 dias, o governo dobra o tempo de medida semelhante adotada no ano passado. Em 2019, a proibi\u00e7\u00e3o foi de 60 dias. O aumento no prazo pretende mostrar, aos fundos de investimentos e grandes empresas que est\u00e3o pressionando por pol\u00edticas ambientais efetivas, uma maior preocupa\u00e7\u00e3o do governo na preserva\u00e7\u00e3o da Amaz\u00f4nia.\u00a0<\/span><\/p>\n<p><span style=\"font-weight: 400\">Resta saber, se ser\u00e1 mais uma pol\u00edtica \u201cpara ingl\u00eas ver\u201d. Os n\u00fameros das queimadas e do desmatamento dir\u00e3o. Enquanto isso, Salles segue no balan\u00e7a mas n\u00e3o cai tradicional do governo Bolsonaro, que segura al\u00e9m da conta ministros e secret\u00e1rios antes de admitir o que todos j\u00e1 sabem: depois da fritura vem a queda.<\/span><\/p>\n<p>&nbsp;<\/p>\n","protected":false},"excerpt":{"rendered":"<p>Ap\u00f3s o aumento da press\u00e3o para sa\u00edda de Ricardo Salles do Minist\u00e9rio do Meio Ambiente (MMA), tanto de investidores estrangeiros e grandes empresas quanto de dentro do pr\u00f3prio governo, o ministro tem dito a aliados que vem sendo \u201cfritado\u201d pela ala militar. Para ele, o grupo quer colocar algu\u00e9m de sua confian\u00e7a no cargo. O pr\u00f3prio Salles, ciente da fritura [&hellip;]<\/p>\n","protected":false},"author":114,"featured_media":592,"comment_status":"open","ping_status":"open","sticky":false,"template":"","format":"standard","meta":{"footnotes":""},"categories":[3,1],"tags":[4,91,66,314,168,93,313],"class_list":["post-1283","post","type-post","status-publish","format-standard","has-post-thumbnail","hentry","category-meio-ambiente","category-sem-categoria","tag-4elementos1planeta","tag-amazonia","tag-desmatamento","tag-fritado","tag-mma","tag-queimadas","tag-salles"],"_links":{"self":[{"href":"https:\/\/blogs.correiobraziliense.com.br\/4elementos\/wp-json\/wp\/v2\/posts\/1283","targetHints":{"allow":["GET"]}}],"collection":[{"href":"https:\/\/blogs.correiobraziliense.com.br\/4elementos\/wp-json\/wp\/v2\/posts"}],"about":[{"href":"https:\/\/blogs.correiobraziliense.com.br\/4elementos\/wp-json\/wp\/v2\/types\/post"}],"author":[{"embeddable":true,"href":"https:\/\/blogs.correiobraziliense.com.br\/4elementos\/wp-json\/wp\/v2\/users\/114"}],"replies":[{"embeddable":true,"href":"https:\/\/blogs.correiobraziliense.com.br\/4elementos\/wp-json\/wp\/v2\/comments?post=1283"}],"version-history":[{"count":0,"href":"https:\/\/blogs.correiobraziliense.com.br\/4elementos\/wp-json\/wp\/v2\/posts\/1283\/revisions"}],"wp:featuredmedia":[{"embeddable":true,"href":"https:\/\/blogs.correiobraziliense.com.br\/4elementos\/wp-json\/wp\/v2\/media\/592"}],"wp:attachment":[{"href":"https:\/\/blogs.correiobraziliense.com.br\/4elementos\/wp-json\/wp\/v2\/media?parent=1283"}],"wp:term":[{"taxonomy":"category","embeddable":true,"href":"https:\/\/blogs.correiobraziliense.com.br\/4elementos\/wp-json\/wp\/v2\/categories?post=1283"},{"taxonomy":"post_tag","embeddable":true,"href":"https:\/\/blogs.correiobraziliense.com.br\/4elementos\/wp-json\/wp\/v2\/tags?post=1283"}],"curies":[{"name":"wp","href":"https:\/\/api.w.org\/{rel}","templated":true}]}}