{"id":1256,"date":"2020-07-03T14:33:06","date_gmt":"2020-07-03T17:33:06","guid":{"rendered":"http:\/\/blogs.correiobraziliense.com.br\/4elementos\/?p=1256"},"modified":"2020-07-03T14:33:06","modified_gmt":"2020-07-03T17:33:06","slug":"dia-internacional-sem-sacos-plasticos-saiba-como-e-por-que-reduzir-o-uso","status":"publish","type":"post","link":"https:\/\/blogs.correiobraziliense.com.br\/4elementos\/2020\/07\/03\/dia-internacional-sem-sacos-plasticos-saiba-como-e-por-que-reduzir-o-uso\/","title":{"rendered":"Dia Internacional Sem Sacos Pl\u00e1sticos: saiba como e por que reduzir o uso"},"content":{"rendered":"<p><span style=\"font-weight: 400\">O pl\u00e1stico representa 80% dos res\u00edduos poluentes nos oceanos em todo planeta. O Brasil, segundo o WWF, \u00e9 o quarto maior produtor de lixo pl\u00e1stico do mundo, ficando atr\u00e1s apenas dos Estados Unidos, China e \u00cdndia. O pa\u00eds tamb\u00e9m \u00e9 um dos que menos recicla o material, apenas 1,48%. Para chamar a aten\u00e7\u00e3o para a necessidade de reduzir o consumo de pl\u00e1stico, sobretudo sacos e descart\u00e1veis, \u00e9 celebrado, em 3 de julho, o Dia Internacional Sem Sacos Pl\u00e1sticos.<\/span><\/p>\n<p><span style=\"font-weight: 400\">O pl\u00e1stico acaba nos aterros sanit\u00e1rios, no meio ambiente e, principalmente, nos oceanos, provocando trag\u00e9dias ambientais, com a morte de v\u00e1rias esp\u00e9cies como as baleias, tartarugas e p\u00e1ssaros. Os micropl\u00e1sticos, engolidos pelos animais, s\u00e3o altamente t\u00f3xicos, porque o material \u00e9 feito de resinas de petr\u00f3leo e leva 500 anos para se decompor.\u00a0<\/span><\/p>\n<p><img loading=\"lazy\" decoding=\"async\" class=\"size-full wp-image-1257 aligncenter\" src=\"https:\/\/blogs.correiobraziliense.com.br\/4elementos\/wp-content\/uploads\/sites\/53\/2020\/07\/dia-sem-plastico2.jpg\" alt=\"\" width=\"684\" height=\"408\" srcset=\"https:\/\/blogs.correiobraziliense.com.br\/4elementos\/wp-content\/uploads\/sites\/53\/2020\/07\/dia-sem-plastico2.jpg 684w, https:\/\/blogs.correiobraziliense.com.br\/4elementos\/wp-content\/uploads\/sites\/53\/2020\/07\/dia-sem-plastico2-300x179.jpg 300w, https:\/\/blogs.correiobraziliense.com.br\/4elementos\/wp-content\/uploads\/sites\/53\/2020\/07\/dia-sem-plastico2-550x328.jpg 550w, https:\/\/blogs.correiobraziliense.com.br\/4elementos\/wp-content\/uploads\/sites\/53\/2020\/07\/dia-sem-plastico2-230x137.jpg 230w\" sizes=\"auto, (max-width: 684px) 100vw, 684px\" \/><\/p>\n<p>&nbsp;<\/p>\n<h2><strong>Lixo pl\u00e1stico<\/strong><\/h2>\n<p><span style=\"font-weight: 400\">De acordo com o relat\u00f3rio do WWF de 2019, o Brasil produz 11,3 milh\u00f5es de toneladas de lixo pl\u00e1stico anualmente. Al\u00e9m disso, cada brasileiro produz, em m\u00e9dia, 1 kg de lixo pl\u00e1stico por semana. No descarte, 7,7 milh\u00f5es de toneladas v\u00e3o para os aterros sanit\u00e1rios. E outros 2,4 milh\u00f5es de toneladas s\u00e3o descartados de forma irregular, sem qualquer tipo de tratamento.<\/span><\/p>\n<p><span style=\"font-weight: 400\">Para colaborar com o planeta, v\u00e1rios pa\u00edses e estados brasileiros come\u00e7aram a adotar medidas restritivas. Na China, os sacos de pl\u00e1stico v\u00e3o ser proibidos nas principais cidades no fim deste ano e, at\u00e9 2022, a medida vai se estender a todas os munic\u00edpios menores e vilas.\u00a0<\/span><\/p>\n<p><span style=\"font-weight: 400\">A Tail\u00e2ndia declarou a proibi\u00e7\u00e3o completa do uso de sacos pl\u00e1sticos nas principais lojas do pa\u00eds at\u00e9 2021. A Indon\u00e9sia proibiu o uso de sacos de pl\u00e1stico descart\u00e1vel em lojas, supermercados e mercados tradicionais at\u00e9 junho de 2020, portanto a medida j\u00e1 est\u00e1 em vigor. A Fran\u00e7a decidiu banir sacos e descart\u00e1veis at\u00e9 o fim do ano. Na Holanda, desde 2016, s\u00e3o proibidos.<\/span><\/p>\n<h2><b>No Brasil<\/b><\/h2>\n<p><span style=\"font-weight: 400\">Os canudos de pl\u00e1stico foram banidos no Acre, Esp\u00edrito Santo, Goi\u00e1s, Maranh\u00e3o, Mato Grosso do Sul, Rio Grande do Norte, Santa Catarina, S\u00e3o Paulo e Distrito Federal. Al\u00e9m disso, em 17 dos 18 estados onde ainda \u00e9 permitido existe ao menos um projeto de lei para proib\u00ed-lo. Das 27 unidades da Federa\u00e7\u00e3o, a \u00fanica sem propostas \u00e9 Rond\u00f4nia.\u00a0<\/span><\/p>\n<p><span style=\"font-weight: 400\">O Rio de Janeiro foi a primeira cidade do pa\u00eds a banir o item nos quiosques, bares e restaurantes, seguido por Fortaleza, Jijoca de Jericoacoara e Fernando de Noronha, onde a lei proibiu qualquer descart\u00e1vel de pl\u00e1stico na ilha. V\u00e1rios produtos biodegrad\u00e1veis ou reutiliz\u00e1veis surgiram no mercado para substituir o pl\u00e1stico, como canudos feitos de bambu, vidro e a\u00e7o.\u00a0<\/span><\/p>\n<h2><b>Dicas para salvar o Planeta\u00a0<img loading=\"lazy\" decoding=\"async\" class=\" wp-image-1262 alignright\" src=\"https:\/\/blogs.correiobraziliense.com.br\/4elementos\/wp-content\/uploads\/sites\/53\/2020\/07\/proibido-sacolas-plasticas.jpg\" alt=\"\" width=\"253\" height=\"246\" srcset=\"https:\/\/blogs.correiobraziliense.com.br\/4elementos\/wp-content\/uploads\/sites\/53\/2020\/07\/proibido-sacolas-plasticas.jpg 258w, https:\/\/blogs.correiobraziliense.com.br\/4elementos\/wp-content\/uploads\/sites\/53\/2020\/07\/proibido-sacolas-plasticas-230x223.jpg 230w\" sizes=\"auto, (max-width: 253px) 100vw, 253px\" \/><\/b><\/h2>\n<h4><b>* Reduza<\/b><\/h4>\n<p><span style=\"font-weight: 400\">O ideal \u00e9 reduzir cada vez mais o uso de sacos pl\u00e1sticos e descart\u00e1veis<\/span><\/p>\n<h4><b>* Recicle<\/b><\/h4>\n<p><span style=\"font-weight: 400\">Se for essencial o uso dos sacos, reclicle assim que utilizado. \u00c9 a melhor forma de proteger o ambiente<\/span><\/p>\n<h4><b>* Reutilize<\/b><\/h4>\n<p><span style=\"font-weight: 400\">Se j\u00e1 tiver muitas sacolas pl\u00e1sticas, saiba que s\u00e3o reaproveit\u00e1veis de v\u00e1rias formas:<\/span><\/p>\n<p><b>&gt;&gt; Nas compras: <\/b><span style=\"font-weight: 400\">ao ir ao supermercado, leve os sacos pl\u00e1sticos das compras anteriores<\/span><\/p>\n<p><b>&gt;&gt;<\/b> <b>No carro: <\/b><span style=\"font-weight: 400\">deixe algumas sacolas no carro e quando for comprar algo as reutilize<\/span><\/p>\n<p><b>&gt;&gt; No lixo: <\/b><span style=\"font-weight: 400\">em vez de gastar para comprar sacos de lixo, utilize os do supermercado<\/span><\/p>\n<p><b>&gt;&gt; Para prote\u00e7\u00e3o: <\/b><span style=\"font-weight: 400\">como luvas de limpeza, galochas em dias de chuva ou toucas de banho, ou embrulhos para evitar quebra de vidros ou materiais fr\u00e1geis<\/span><\/p>\n<p><b>&gt;&gt; Preenchimento: <\/b><span style=\"font-weight: 400\">amasse sacos pl\u00e1sticos e preencha o pufe ou almofadas<\/span><\/p>\n<p><b>&gt;&gt; Como brinquedo: <\/b><span style=\"font-weight: 400\">\u00e9 poss\u00edvel fazer pipas para as crian\u00e7as, bolas, bexigas. Use a imagina\u00e7\u00e3o<\/span><\/p>\n<p><b>&gt;&gt; Na decora\u00e7\u00e3o: <\/b><span style=\"font-weight: 400\">se cortar os sacos pl\u00e1sticos em tiras \u00e9 poss\u00edvel fazer serpentinas e outros enfeites<\/span><\/p>\n<h2><img loading=\"lazy\" decoding=\"async\" class=\"wp-image-1265 alignleft\" src=\"https:\/\/blogs.correiobraziliense.com.br\/4elementos\/wp-content\/uploads\/sites\/53\/2020\/07\/tv2-copy-300x186.jpg\" alt=\"\" width=\"327\" height=\"203\" srcset=\"https:\/\/blogs.correiobraziliense.com.br\/4elementos\/wp-content\/uploads\/sites\/53\/2020\/07\/tv2-copy-300x186.jpg 300w, https:\/\/blogs.correiobraziliense.com.br\/4elementos\/wp-content\/uploads\/sites\/53\/2020\/07\/tv2-copy-768x476.jpg 768w, https:\/\/blogs.correiobraziliense.com.br\/4elementos\/wp-content\/uploads\/sites\/53\/2020\/07\/tv2-copy-550x341.jpg 550w, https:\/\/blogs.correiobraziliense.com.br\/4elementos\/wp-content\/uploads\/sites\/53\/2020\/07\/tv2-copy-230x143.jpg 230w, https:\/\/blogs.correiobraziliense.com.br\/4elementos\/wp-content\/uploads\/sites\/53\/2020\/07\/tv2-copy.jpg 914w\" sizes=\"auto, (max-width: 327px) 100vw, 327px\" \/><\/h2>\n<h2><b>Programa\u00e7\u00e3o<\/b><\/h2>\n<p><span style=\"font-weight: 400\">No Dia Internacional Sem Sacos de Pl\u00e1stico, a National Geographic transmitir\u00e1 uma programa\u00e7\u00e3o especial com a estreia de quatro document\u00e1rios que convidam \u00e0 reflex\u00e3o sobre o uso do pl\u00e1stico e suas consequ\u00eancias.\u00a0<\/span><span style=\"font-weight: 400\">O especial come\u00e7a hoje, 3 de julho, \u00e0s 18h com a estreia de <\/span><i><span style=\"font-weight: 400\">Pl\u00e1stico: Trajet\u00f3ria e Polui\u00e7\u00e3o<\/span><\/i><span style=\"font-weight: 400\">, document\u00e1rio revelador que exp\u00f4s a verdade por tr\u00e1s de carregamentos de pl\u00e1stico destinados a aterros.<\/span><\/p>\n<p><span style=\"font-weight: 400\"><strong>18h45<\/strong> &#8211; <\/span><i><span style=\"font-weight: 400\">Mar\u00e9 de Pl\u00e1stico<\/span><\/i><span style=\"font-weight: 400\">, document\u00e1rio que examina o crescente problema da polui\u00e7\u00e3o pl\u00e1stica em nossas \u00e1guas. Come\u00e7ando em Bombaim, na \u00cdndia, uma cidade litor\u00e2nea na qual o povo costumava nadar e que agora est\u00e1 completamente coberta de lixo.<\/span><\/p>\n<p><span style=\"font-weight: 400\"><strong>19h30<\/strong> &#8211;\u00a0<\/span><i><span style=\"font-weight: 400\">Baleia: Morta pelo Pl\u00e1stico<\/span><\/i><span style=\"font-weight: 400\">, outro document\u00e1rio que revive as not\u00edcias que sa\u00edram ao redor do mundo quando uma baleia morta apareceu em uma pequena ba\u00eda na Noruega com 30 sacolas pl\u00e1sticas no est\u00f4mago e mostra o que os animais que vivem nas \u00e1guas do nosso planeta.<\/span><\/p>\n<p><span style=\"font-weight: 400\"><strong>20h15<\/strong>\u00a0&#8211;\u00a0<\/span><i><span style=\"font-weight: 400\">Mergulho no \u00c1rtico <\/span><\/i><span style=\"font-weight: 400\">retrata a campanha de Lewis Pugh, embaixador da ONU para a prote\u00e7\u00e3o dos oceanos, que arrisca sua vida nadando nas \u00e1guas geladas do norte para lutar pela prote\u00e7\u00e3o da natureza.<\/span><\/p>\n<h4><\/h4>\n<h4>Mais informa\u00e7\u00f5es sobre os document\u00e1rios<\/h4>\n<p><b>Baleia: Morta pelo Pl\u00e1stico:<\/b>\u00a0<a href=\"https:\/\/www.disneylapresspack.com\/nat-geo\/programs\/9601\" target=\"_blank\" rel=\"noopener\">https:\/\/www.disneylapresspack.com\/nat-geo\/programs\/9601<\/a><u><br \/>\n<\/u><b>Mergulho no \u00c1rtico<\/b><b>:<\/b>\u00a0<a href=\"https:\/\/www.disneylapresspack.com\/nat-geo\/programs\/9637\" target=\"_blank\" rel=\"noopener\">https:\/\/www.disneylapresspack.com\/nat-geo\/programs\/9637<\/a><u><br \/>\n<\/u><b>Mar\u00e9 de Pl\u00e1stico:<\/b><b>\u00a0<\/b><a href=\"https:\/\/www.disneylapresspack.com\/nat-geo\/programs\/9619\" target=\"_blank\" rel=\"noopener\">https:\/\/www.disneylapresspack.com\/nat-geo\/programs\/9619<\/a><u><br \/>\n<\/u><b>Pl\u00e1stico: Trajet\u00f3ria e Polui\u00e7\u00e3o:<\/b>\u00a0<a href=\"https:\/\/www.disneylapresspack.com\/nat-geo\/programs\/9655\" target=\"_blank\" rel=\"noopener\">https:\/\/www.disneylapresspack.com\/nat-geo\/programs\/9655<\/a><\/p>\n<p>&nbsp;<\/p>\n<p>&nbsp;<\/p>\n","protected":false},"excerpt":{"rendered":"<p>O pl\u00e1stico representa 80% dos res\u00edduos poluentes nos oceanos em todo planeta. O Brasil, segundo o WWF, \u00e9 o quarto maior produtor de lixo pl\u00e1stico do mundo, ficando atr\u00e1s apenas dos Estados Unidos, China e \u00cdndia. O pa\u00eds tamb\u00e9m \u00e9 um dos que menos recicla o material, apenas 1,48%. Para chamar a aten\u00e7\u00e3o para a necessidade de reduzir o consumo [&hellip;]<\/p>\n","protected":false},"author":114,"featured_media":0,"comment_status":"open","ping_status":"open","sticky":false,"template":"","format":"standard","meta":{"footnotes":""},"categories":[57,267,54],"tags":[4,309,310,39,55,5],"class_list":["post-1256","post","type-post","status-publish","format-standard","hentry","category-desenvolvimento-sustentavel","category-educacao-ambiental","category-reciclagem","tag-4elementos1planeta","tag-dia-internacional-sem-sacos-plasticos","tag-julho-sem-plastico","tag-plastico","tag-reciclagem","tag-sustentabilidade"],"_links":{"self":[{"href":"https:\/\/blogs.correiobraziliense.com.br\/4elementos\/wp-json\/wp\/v2\/posts\/1256","targetHints":{"allow":["GET"]}}],"collection":[{"href":"https:\/\/blogs.correiobraziliense.com.br\/4elementos\/wp-json\/wp\/v2\/posts"}],"about":[{"href":"https:\/\/blogs.correiobraziliense.com.br\/4elementos\/wp-json\/wp\/v2\/types\/post"}],"author":[{"embeddable":true,"href":"https:\/\/blogs.correiobraziliense.com.br\/4elementos\/wp-json\/wp\/v2\/users\/114"}],"replies":[{"embeddable":true,"href":"https:\/\/blogs.correiobraziliense.com.br\/4elementos\/wp-json\/wp\/v2\/comments?post=1256"}],"version-history":[{"count":0,"href":"https:\/\/blogs.correiobraziliense.com.br\/4elementos\/wp-json\/wp\/v2\/posts\/1256\/revisions"}],"wp:attachment":[{"href":"https:\/\/blogs.correiobraziliense.com.br\/4elementos\/wp-json\/wp\/v2\/media?parent=1256"}],"wp:term":[{"taxonomy":"category","embeddable":true,"href":"https:\/\/blogs.correiobraziliense.com.br\/4elementos\/wp-json\/wp\/v2\/categories?post=1256"},{"taxonomy":"post_tag","embeddable":true,"href":"https:\/\/blogs.correiobraziliense.com.br\/4elementos\/wp-json\/wp\/v2\/tags?post=1256"}],"curies":[{"name":"wp","href":"https:\/\/api.w.org\/{rel}","templated":true}]}}