{"id":124,"date":"2019-06-13T12:23:38","date_gmt":"2019-06-13T15:23:38","guid":{"rendered":"https:\/\/blogs.correiobraziliense.com.br\/4elementos\/?p=124"},"modified":"2019-06-13T12:23:38","modified_gmt":"2019-06-13T15:23:38","slug":"sarney-filho-critica-gestao-das-unidades-de-conservacao-do-pais","status":"publish","type":"post","link":"https:\/\/blogs.correiobraziliense.com.br\/4elementos\/2019\/06\/13\/sarney-filho-critica-gestao-das-unidades-de-conservacao-do-pais\/","title":{"rendered":"Sarney Filho critica gest\u00e3o das unidades de conserva\u00e7\u00e3o do pa\u00eds"},"content":{"rendered":"<p>Em semin\u00e1rio promovido pelo <strong>Correio<\/strong>, o secret\u00e1rio de Meio Ambiente do Distrito Federal, Jos\u00e9 Sarney Filho, afirmou que o governo de Jair Bolsonaro quer acabar com unidades de preserva\u00e7\u00e3o e cuida mal da Amaz\u00f4nia. Ele ressaltou a necessidade de se cuidar das bacias e preservar matas ciliares para socorrer os rios e garantir seguran\u00e7a h\u00eddrica no pa\u00eds.<\/p>\n<p>\u201cComo sou ambientalista, acho que devemos aprofundar um pouco a quest\u00e3o da seguran\u00e7a h\u00eddrica. Grande parte da \u00e1gua \u00e9 garantida por unidades de preserva\u00e7\u00e3o. N\u00e3o poderia deixar de aproveitar este semin\u00e1rio, para dizer que essas unidades est\u00e3o sob amea\u00e7a. E isso pode comprometer a seguran\u00e7a h\u00eddrica\u201d, afirmou.<\/p>\n<p>\u201cO presidente (Jair Bolsonaro) quer acabar com esta\u00e7\u00f5es ecol\u00f3gicas e cuida mal da Amaz\u00f4nia\u201d, criticou. Sarney Filho lembrou que a Amaz\u00f4nia interfere no regime de chuvas, al\u00e9m de ser uma \u201cincomensur\u00e1vel fonte curas, pela sua biodiversidade\u201d.<\/p>\n<figure id=\"attachment_126\" aria-describedby=\"caption-attachment-126\" style=\"width: 1024px\" class=\"wp-caption aligncenter\"><img loading=\"lazy\" decoding=\"async\" class=\"wp-image-126 size-large\" src=\"https:\/\/blogs.correiobraziliense.com.br\/4elementos\/wp-content\/uploads\/sites\/53\/2019\/06\/WhatsApp-Image-2019-06-13-at-12.19.32-1024x640.jpeg\" alt=\"\" width=\"1024\" height=\"640\" srcset=\"https:\/\/blogs.correiobraziliense.com.br\/4elementos\/wp-content\/uploads\/sites\/53\/2019\/06\/WhatsApp-Image-2019-06-13-at-12.19.32-1024x640.jpeg 1024w, https:\/\/blogs.correiobraziliense.com.br\/4elementos\/wp-content\/uploads\/sites\/53\/2019\/06\/WhatsApp-Image-2019-06-13-at-12.19.32-300x188.jpeg 300w, https:\/\/blogs.correiobraziliense.com.br\/4elementos\/wp-content\/uploads\/sites\/53\/2019\/06\/WhatsApp-Image-2019-06-13-at-12.19.32-768x480.jpeg 768w, https:\/\/blogs.correiobraziliense.com.br\/4elementos\/wp-content\/uploads\/sites\/53\/2019\/06\/WhatsApp-Image-2019-06-13-at-12.19.32-550x344.jpeg 550w, https:\/\/blogs.correiobraziliense.com.br\/4elementos\/wp-content\/uploads\/sites\/53\/2019\/06\/WhatsApp-Image-2019-06-13-at-12.19.32-230x144.jpeg 230w, https:\/\/blogs.correiobraziliense.com.br\/4elementos\/wp-content\/uploads\/sites\/53\/2019\/06\/WhatsApp-Image-2019-06-13-at-12.19.32.jpeg 1280w\" sizes=\"auto, (max-width: 1024px) 100vw, 1024px\" \/><figcaption id=\"caption-attachment-126\" class=\"wp-caption-text\">Jos\u00e9 Sarney Filho, secret\u00e1rio de Meio Ambiente do DF \/ Foto: Ed Alves<\/figcaption><\/figure>\n<h3><\/h3>\n<h3 style=\"text-align: center\"><strong>Bacias<\/strong><\/h3>\n<p>O secret\u00e1rio chamou a aten\u00e7\u00e3o para a necessidade de se cuidar das bacias para diminuir a escassez de \u00e1gua no futuro. \u201cA \u00e1gua n\u00e3o nasce no reservat\u00f3rio. Tem muita gente que acha que nasce no reservat\u00f3rio e vai direto para as torneiras\u201d, brincou. \u201cMas n\u00e3o. A \u00e1gua nasce nas nascentes, depois corre para pequenos riachos, da\u00ed para rios, depois grandes rios e, s\u00f3 ent\u00e3o, se faz um reservat\u00f3rio\u201d, disse.<\/p>\n<p>Portanto, ressaltou, para se falar em seguran\u00e7a h\u00eddrica, em plena mudan\u00e7a clim\u00e1tica, a primeira preocupa\u00e7\u00e3o \u00e9 cuidar da gera\u00e7\u00e3o da \u00e1gua, \u201cPrecisamos proteger as nascentes, cuidar das bacias, preservar matas ciliares. Todas as grandes na\u00e7\u00f5es do mundo e cidades come\u00e7aram \u00e0 beira de rios, mas agora os rios precisam de socorro\u201d, alertou.<\/p>\n<p>Jos\u00e9 Sarney Filho media, nesta quinta-feira (13\/6), o painel Seguran\u00e7a H\u00eddrica: Perspectivas, que conta com a participa\u00e7\u00e3o de Francisco Jos\u00e9 Coelho Teixeira, secret\u00e1rio de Recursos H\u00eddricos do Cear\u00e1, Mar\u00edlia Carvalho de Melo, diretora geral do Instituto Mineiro de Gest\u00e3o das \u00c1guas (Igam\/MG) e Oscar Cordeiro Netto, diretor da Ag\u00eancia Nacional de \u00c1guas (ANA).<\/p>\n","protected":false},"excerpt":{"rendered":"<p>Em semin\u00e1rio promovido pelo Correio, o secret\u00e1rio de Meio Ambiente do Distrito Federal, Jos\u00e9 Sarney Filho, afirmou que o governo de Jair Bolsonaro quer acabar com unidades de preserva\u00e7\u00e3o e cuida mal da Amaz\u00f4nia. Ele ressaltou a necessidade de se cuidar das bacias e preservar matas ciliares para socorrer os rios e garantir seguran\u00e7a h\u00eddrica no pa\u00eds. \u201cComo sou ambientalista, [&hellip;]<\/p>\n","protected":false},"author":114,"featured_media":0,"comment_status":"open","ping_status":"open","sticky":false,"template":"","format":"standard","meta":{"footnotes":""},"categories":[10,2],"tags":[12,30,27,13,29],"class_list":["post-124","post","type-post","status-publish","format-standard","hentry","category-agua","category-sustentabilidade","tag-agua","tag-correio","tag-seguranca-hidrica","tag-seminario","tag-unidades-de-preservacao"],"_links":{"self":[{"href":"https:\/\/blogs.correiobraziliense.com.br\/4elementos\/wp-json\/wp\/v2\/posts\/124","targetHints":{"allow":["GET"]}}],"collection":[{"href":"https:\/\/blogs.correiobraziliense.com.br\/4elementos\/wp-json\/wp\/v2\/posts"}],"about":[{"href":"https:\/\/blogs.correiobraziliense.com.br\/4elementos\/wp-json\/wp\/v2\/types\/post"}],"author":[{"embeddable":true,"href":"https:\/\/blogs.correiobraziliense.com.br\/4elementos\/wp-json\/wp\/v2\/users\/114"}],"replies":[{"embeddable":true,"href":"https:\/\/blogs.correiobraziliense.com.br\/4elementos\/wp-json\/wp\/v2\/comments?post=124"}],"version-history":[{"count":3,"href":"https:\/\/blogs.correiobraziliense.com.br\/4elementos\/wp-json\/wp\/v2\/posts\/124\/revisions"}],"predecessor-version":[{"id":128,"href":"https:\/\/blogs.correiobraziliense.com.br\/4elementos\/wp-json\/wp\/v2\/posts\/124\/revisions\/128"}],"wp:attachment":[{"href":"https:\/\/blogs.correiobraziliense.com.br\/4elementos\/wp-json\/wp\/v2\/media?parent=124"}],"wp:term":[{"taxonomy":"category","embeddable":true,"href":"https:\/\/blogs.correiobraziliense.com.br\/4elementos\/wp-json\/wp\/v2\/categories?post=124"},{"taxonomy":"post_tag","embeddable":true,"href":"https:\/\/blogs.correiobraziliense.com.br\/4elementos\/wp-json\/wp\/v2\/tags?post=124"}],"curies":[{"name":"wp","href":"https:\/\/api.w.org\/{rel}","templated":true}]}}