{"id":1238,"date":"2020-06-25T18:11:27","date_gmt":"2020-06-25T21:11:27","guid":{"rendered":"http:\/\/blogs.correiobraziliense.com.br\/4elementos\/?p=1238"},"modified":"2020-06-25T18:11:27","modified_gmt":"2020-06-25T21:11:27","slug":"temporada-de-fogo-comeca-em-alta-na-amazonia-maior-media-em-10-anos","status":"publish","type":"post","link":"https:\/\/blogs.correiobraziliense.com.br\/4elementos\/2020\/06\/25\/temporada-de-fogo-comeca-em-alta-na-amazonia-maior-media-em-10-anos\/","title":{"rendered":"Temporada de fogo come\u00e7a em alta na Amaz\u00f4nia: maior m\u00e9dia em 10 anos"},"content":{"rendered":"<p><span style=\"font-weight: 400\">O per\u00edodo seco na Amaz\u00f4nia est\u00e1 come\u00e7ando com dados alarmantes. O n\u00famero de queimadas entre 1\u00ba e 21 de junho de 2020, de 1.469 focos, \u00e9 o maior dos \u00faltimos 10 anos para o per\u00edodo. Em rela\u00e7\u00e3o a\u00a0 2019, quando foram registradas queimadas de dimens\u00f5es tr\u00e1gicas, com 1.125 focos, o aumento \u00e9 de 30%. Al\u00e9m disso, ficou 50% acima da m\u00e9dia dos 10 anos anteriores (2010 a 2019), de 979. Dos 1.469 focos de queimadas detectados na Amaz\u00f4nia Legal em 21 dias de junho, 63% ocorreram no Mato Grosso (915).<\/span><\/p>\n<p><span style=\"font-weight: 400\">Esses s\u00e3o os dados mais recentes disponibilizados pelo Instituto Nacional de Pesquisas Espaciais (Inpe). Somados aos registros de desmatamento, o aumento no n\u00famero de focos em um m\u00eas que, historicamente, \u00e9 mais baixo anuncia o que est\u00e1 por vir. N\u00e3o \u00e0 toa, investidores internacionais enviaram carta \u00e0s embaixadas do Brasil em v\u00e1rios pa\u00edses, demonstrando preocupa\u00e7\u00e3o com o bioma e, inclusive, amea\u00e7ando deixar de investir, caso a pol\u00edtica ambiental do pa\u00eds continue a demonstrar descaso com a cat\u00e1strofe.<\/span><\/p>\n<h2><b>Desmatamento<\/b><\/h2>\n<p><span style=\"font-weight: 400\">Entre 1\u00ba de janeiro e 31 de maio de 2020, houve alertas de desmatamento para 2.032 quil\u00f4metros quadrados (km\u00b2) na Amaz\u00f4nia Legal, o maior n\u00famero registrado para o per\u00edodo desde 2015. E o corte raso na floresta amaz\u00f4nica continua subindo. A amea\u00e7a \u00e9 que o desmate deste ano supere os 10.129 km\u00b2 medidos no ano passado, na maior taxa desde 2008 e mais do que o dobro da taxa medida em 2012.<\/span><\/p>\n<p><span style=\"font-weight: 400\">De agosto de 2019 a maio de 2020 com base nos dados do Deter, do Inpe, o desmatamento foi de 6.504 km\u00b2, 78% a mais em compara\u00e7\u00e3o ao per\u00edodo anterior (agosto de 2018 a maio de 2019), quando foram desmatados 3.654 km\u00b2. Esse per\u00edodo de 10 meses exclui os meses de junho e julho, quando o desmatamento \u00e9 historicamente mais alto.<\/span><\/p>\n<h2><b><img loading=\"lazy\" decoding=\"async\" class=\"size-full wp-image-1111 alignright\" src=\"https:\/\/blogs.correiobraziliense.com.br\/4elementos\/wp-content\/uploads\/sites\/53\/2020\/06\/quimada6-e1591368711628-1.jpg\" alt=\"\" width=\"280\" height=\"390\" srcset=\"https:\/\/blogs.correiobraziliense.com.br\/4elementos\/wp-content\/uploads\/sites\/53\/2020\/06\/quimada6-e1591368711628-1.jpg 280w, https:\/\/blogs.correiobraziliense.com.br\/4elementos\/wp-content\/uploads\/sites\/53\/2020\/06\/quimada6-e1591368711628-1-215x300.jpg 215w, https:\/\/blogs.correiobraziliense.com.br\/4elementos\/wp-content\/uploads\/sites\/53\/2020\/06\/quimada6-e1591368711628-1-230x320.jpg 230w\" sizes=\"auto, (max-width: 280px) 100vw, 280px\" \/>Queimadas<\/b><\/h2>\n<p><span style=\"font-weight: 400\">Vistas isoladamente, as queimadas representam graves riscos \u00e0 sa\u00fade da popula\u00e7\u00e3o. Um dos efeitos \u00e9 o aumento do registro de interna\u00e7\u00f5es hospitalares por doen\u00e7as respirat\u00f3rias. Estudo da Funda\u00e7\u00e3o Oswaldo Cruz constatou que o n\u00famero de crian\u00e7as internadas dobrou entre maio e junho de 2019 \u2013 no in\u00edcio do per\u00edodo das queimadas, numa amostra de 100 munic\u00edpios da Amaz\u00f4nia Legal. Foram 2,5 mil interna\u00e7\u00f5es a mais por m\u00eas, o que teria custado R$ 1,5 milh\u00e3o extras ao Sistema \u00danico de Sa\u00fade.\u00a0<\/span><\/p>\n<p><span style=\"font-weight: 400\">E n\u00e3o s\u00e3o apenas as crian\u00e7as que sofrem. \u201cAs queimadas na Amazo\u0302nia representam um grande risco a\u0300 sau\u0301de da populac\u0327a\u0303o. Os poluentes emitidos por essas queimadas podem ser transportados a grande dista\u0302ncia, alcanc\u0327ando cidades distantes dos focos de queimadas\u201d, diz o informe do Observat\u00f3rio de Clima e Sa\u00fade, ligado \u00e0 Fiocruz.\u00a0 <\/span><\/p>\n","protected":false},"excerpt":{"rendered":"<p>O per\u00edodo seco na Amaz\u00f4nia est\u00e1 come\u00e7ando com dados alarmantes. O n\u00famero de queimadas entre 1\u00ba e 21 de junho de 2020, de 1.469 focos, \u00e9 o maior dos \u00faltimos 10 anos para o per\u00edodo. Em rela\u00e7\u00e3o a\u00a0 2019, quando foram registradas queimadas de dimens\u00f5es tr\u00e1gicas, com 1.125 focos, o aumento \u00e9 de 30%. Al\u00e9m disso, ficou 50% acima da [&hellip;]<\/p>\n","protected":false},"author":114,"featured_media":1111,"comment_status":"open","ping_status":"open","sticky":false,"template":"","format":"standard","meta":{"footnotes":""},"categories":[155,132,234],"tags":[67,307,93],"class_list":["post-1238","post","type-post","status-publish","format-standard","has-post-thumbnail","hentry","category-catastrofe-ambiental","category-mudancas-climaticas","category-poluicao","tag-inpe","tag-observatorio-de-clima-e-saude","tag-queimadas"],"_links":{"self":[{"href":"https:\/\/blogs.correiobraziliense.com.br\/4elementos\/wp-json\/wp\/v2\/posts\/1238","targetHints":{"allow":["GET"]}}],"collection":[{"href":"https:\/\/blogs.correiobraziliense.com.br\/4elementos\/wp-json\/wp\/v2\/posts"}],"about":[{"href":"https:\/\/blogs.correiobraziliense.com.br\/4elementos\/wp-json\/wp\/v2\/types\/post"}],"author":[{"embeddable":true,"href":"https:\/\/blogs.correiobraziliense.com.br\/4elementos\/wp-json\/wp\/v2\/users\/114"}],"replies":[{"embeddable":true,"href":"https:\/\/blogs.correiobraziliense.com.br\/4elementos\/wp-json\/wp\/v2\/comments?post=1238"}],"version-history":[{"count":0,"href":"https:\/\/blogs.correiobraziliense.com.br\/4elementos\/wp-json\/wp\/v2\/posts\/1238\/revisions"}],"wp:featuredmedia":[{"embeddable":true,"href":"https:\/\/blogs.correiobraziliense.com.br\/4elementos\/wp-json\/wp\/v2\/media\/1111"}],"wp:attachment":[{"href":"https:\/\/blogs.correiobraziliense.com.br\/4elementos\/wp-json\/wp\/v2\/media?parent=1238"}],"wp:term":[{"taxonomy":"category","embeddable":true,"href":"https:\/\/blogs.correiobraziliense.com.br\/4elementos\/wp-json\/wp\/v2\/categories?post=1238"},{"taxonomy":"post_tag","embeddable":true,"href":"https:\/\/blogs.correiobraziliense.com.br\/4elementos\/wp-json\/wp\/v2\/tags?post=1238"}],"curies":[{"name":"wp","href":"https:\/\/api.w.org\/{rel}","templated":true}]}}