{"id":1203,"date":"2020-06-17T19:43:51","date_gmt":"2020-06-17T22:43:51","guid":{"rendered":"http:\/\/blogs.correiobraziliense.com.br\/4elementos\/?p=1203"},"modified":"2020-06-17T19:43:51","modified_gmt":"2020-06-17T22:43:51","slug":"pandemia-afeta-coleta-seletiva-de-reciclaveis-e-sustento-dos-catadores","status":"publish","type":"post","link":"https:\/\/blogs.correiobraziliense.com.br\/4elementos\/2020\/06\/17\/pandemia-afeta-coleta-seletiva-de-reciclaveis-e-sustento-dos-catadores\/","title":{"rendered":"Pandemia afeta coleta seletiva de recicl\u00e1veis e sustento dos catadores"},"content":{"rendered":"<p><span style=\"font-weight: 400\">A pandemia do novo coronav\u00edrus est\u00e1 afetando a coletiva seletiva de lixo e a vida dos catadores. Muitos tiram da reciclagem o seu sustento e de suas fam\u00edlias. Para tentar mitigar os problemas ambientais e sociais em torno deste servi\u00e7o essencial, o Grupo de Trabalho (GT) Catadoras e Catadores da Defensoria P\u00fablica da Uni\u00e3o (DPU) fez uma mo\u00e7\u00e3o com uma s\u00e9rie de considera\u00e7\u00f5es e propostas, a fim de preservar as condi\u00e7\u00f5es para continuidade do trabalho dos catadores e de suas associa\u00e7\u00f5es e cooperativas no contexto da pandemia da covid-19.<\/span><\/p>\n<p><span style=\"font-weight: 400\">De acordo com Cl\u00e1udio Santos, defensor p\u00fablico federal e coordenador do GT Catadores e Catadoras, a exposi\u00e7\u00e3o ao risco \u00e9 cotidiano dos catadores. \u201cO que a pandemia fez foi escancarar a falta de diretrizes para o setor, que \u00e9 uma atividade essencial reconhecida por lei\u201d, destacou. A compet\u00eancia sobre a atividade \u00e9 municipal, por isso a discuss\u00e3o foi amplificada e envolveu todos \u00f3rg\u00e3os de fiscaliza\u00e7\u00e3o, o Minist\u00e9rio P\u00fablico do Trabalho e a DPU.\u00a0<\/span><\/p>\n<p><span style=\"font-weight: 400\">\u201cSabemos que a maioria absoluta dos catadores sobrevivem desse processo. \u00c9 uma atividade de subsist\u00eancia e um servi\u00e7o p\u00fablico essencial. Do ponto de vista de pol\u00edtica p\u00fablica precisa de implementa\u00e7\u00e3o de diretrizes legais\u201d, disse Santos.\u00a0<\/span><\/p>\n<p><span style=\"font-weight: 400\">V\u00e1rios munic\u00edpios pararam a coleta seletiva, com o temor de que os catadores fossem contaminados com os res\u00edduos de pessoas que tenham testado positivo para o novo coronav\u00edrus. \u201cComo dependem da atividade, \u00e9 preciso que os catadores participem dessa decis\u00e3o para que provid\u00eancias sejam tomadas na hip\u00f3tese de continuidade do servi\u00e7o\u201d, explicou o defensor p\u00fablico.<\/span><\/p>\n<h2 style=\"text-align: center\"><b>Coleta Seletiva<\/b><\/h2>\n<h2><img loading=\"lazy\" decoding=\"async\" class=\"alignnone size-full wp-image-1204\" src=\"https:\/\/blogs.correiobraziliense.com.br\/4elementos\/wp-content\/uploads\/sites\/53\/2020\/06\/WhatsApp-Image-2020-06-15-at-11.41.50-1.jpeg\" alt=\"\" width=\"800\" height=\"800\" srcset=\"https:\/\/blogs.correiobraziliense.com.br\/4elementos\/wp-content\/uploads\/sites\/53\/2020\/06\/WhatsApp-Image-2020-06-15-at-11.41.50-1.jpeg 800w, https:\/\/blogs.correiobraziliense.com.br\/4elementos\/wp-content\/uploads\/sites\/53\/2020\/06\/WhatsApp-Image-2020-06-15-at-11.41.50-1-150x150.jpeg 150w, https:\/\/blogs.correiobraziliense.com.br\/4elementos\/wp-content\/uploads\/sites\/53\/2020\/06\/WhatsApp-Image-2020-06-15-at-11.41.50-1-300x300.jpeg 300w, https:\/\/blogs.correiobraziliense.com.br\/4elementos\/wp-content\/uploads\/sites\/53\/2020\/06\/WhatsApp-Image-2020-06-15-at-11.41.50-1-768x768.jpeg 768w, https:\/\/blogs.correiobraziliense.com.br\/4elementos\/wp-content\/uploads\/sites\/53\/2020\/06\/WhatsApp-Image-2020-06-15-at-11.41.50-1-550x550.jpeg 550w, https:\/\/blogs.correiobraziliense.com.br\/4elementos\/wp-content\/uploads\/sites\/53\/2020\/06\/WhatsApp-Image-2020-06-15-at-11.41.50-1-230x230.jpeg 230w\" sizes=\"auto, (max-width: 800px) 100vw, 800px\" \/><\/h2>\n<p><span style=\"font-weight: 400\">A mo\u00e7\u00e3o pelo fortalecimento da coleta Seletiva com integra\u00e7\u00e3o dos catadores contra a incinera\u00e7\u00e3o de res\u00edduos s\u00f3lidos domiciliares apresenta 12 propostas que envolvem, al\u00e9m da sociedade, governos municipais, estaduais e federal. De acordo com as 16 organiza\u00e7\u00f5es que assinam o documento (<strong>veja abaixo os signat\u00e1rios<\/strong>), est\u00e1 havendo a dissemina\u00e7\u00e3o de uma ideia equivocada de que a incinera\u00e7\u00e3o dos Res\u00edduos de Servi\u00e7os Sa\u00fade (RSS) e dos Res\u00edduos S\u00f3lidos Urbanos (RSU) traria maior prote\u00e7\u00e3o da sociedade frente ao risco de epidemias, considerando todos os res\u00edduos urbanos gerados durante a pandemia como de servi\u00e7os de sa\u00fade, portanto pass\u00edveis de contamina\u00e7\u00e3o.\u00a0<\/span><\/p>\n<p><span style=\"font-weight: 400\">\u201cOs RSS representam menos de 2% do total dos res\u00edduos s\u00f3lidos urbanos. Segundo a Organiza\u00e7\u00e3o Mundial de Sa\u00fade (OMS), do total dos RSS apenas 15% s\u00e3o considerados res\u00edduos com risco biol\u00f3gico (carga viral elevada) e qu\u00edmico, que necessitam de tratamento antes da disposi\u00e7\u00e3o final, e uma pequena parcela \u00e9 rejeito radioativo que deve aguardar seu tempo de decaimento. Portanto, 85% dos RSS s\u00e3o considerados res\u00edduos comuns e, destes, cerca de 50% podem ser reciclados ou compostados e os rejeitos, coletados como RSU\u201d, afirma a publica\u00e7\u00e3o.\u00a0<\/span><\/p>\n<p><span style=\"font-weight: 400\">A mo\u00e7\u00e3o destaca, ainda, que a incinera\u00e7\u00e3o, pura e simples, dos res\u00edduos \u00e9 um processo de alto custo e demanda rigorosos crit\u00e9rios de seguran\u00e7a para reduzir os riscos ambientais devido ao lan\u00e7amento na atmosfera de poluentes, gera\u00e7\u00e3o de cinzas com alto teor de contamina\u00e7\u00e3o por metais pesados e emiss\u00e3o de Gases de Efeito Estufa (GEE).<\/span><\/p>\n<p>Confira a \u00edntegra da mo\u00e7\u00e3o clicando <a href=\"https:\/\/www.dpu.def.br\/images\/stories\/pdf_noticias\/2020\/Moc%CC%A7a%CC%83o_pelo_Fortalecimento_da_Coleta_Seletiva_com_Integrac%CC%A7a%CC%83o_dos_Catadores_Contra_a_Incinerac%CC%A7a%CC%83o_de_Resi%CC%81duos_So%CC%81lidos_Domiciliares_.pdf\">aqui.<\/a><\/p>\n<h2><strong>Signat\u00e1rios<\/strong><\/h2>\n<p>MOVIMENTO NACIONAL DE CATADORES DE MATERIAIS\u00a0RECICL\u00c1VEIS<br \/>\n\u2022 INSTITUTO P\u00d3LIS &#8211; ESTUDOS, FORMA\u00c7\u00c3O, ASSESSORIA EM\u00a0POL\u00cdTICAS SOCIAIS<br \/>\n\u2022 INSTITUTO BRASILEIRO DE DEFESA DO CONSUMIDOR &#8211; IDEC<br \/>\n\u2022 DEFENSORIA P\u00daBLICA DA UNI\u00c3O &#8211; GT CATADORES E\u00a0CATADORAS<br \/>\n\u2022 RNSP &#8211; GT MEIO AMBIENTE<br \/>\n\u2022 COOPER PAC &#8211; SP &#8211; MNCR<br \/>\n\u2022 ASCAT &#8211; RGS &#8211; MNCR<br \/>\n\u2022 INSEA &#8211; ORIS<br \/>\n\u2022 OBSERVAT\u00d3RIO POL\u00cdTICA NACIONAL DE RES\u00cdDUOS S\u00d3LIDOS<br \/>\n\u2022 ASSOCIA\u00c7\u00c3O CURITIBA LIXO ZERO &#8211; INSTITUTO LIXO ZERO<br \/>\n\u2022 PROJETO HOSPITAIS SAUD\u00c1VEIS<br \/>\n\u2022 MOVIMENTO DE DEFESA DA VIDA DO GRANDE ABC<br \/>\n\u2022 INSTITUTO 5 ELEMENTOS &#8211; EDUCA\u00c7\u00c3O PARA\u00a0SUSTENTABILIDADE<br \/>\n\u2022 INSTITUTO CLIMAINFO<br \/>\n\u2022 FUNDA\u00c7\u00c3O AVINA<br \/>\n\u2022 ALIAN\u00c7A RES\u00cdDUO ZERO BRASIL<\/p>\n<p>&nbsp;<\/p>\n<p>&nbsp;<\/p>\n","protected":false},"excerpt":{"rendered":"<p>A pandemia do novo coronav\u00edrus est\u00e1 afetando a coletiva seletiva de lixo e a vida dos catadores. Muitos tiram da reciclagem o seu sustento e de suas fam\u00edlias. Para tentar mitigar os problemas ambientais e sociais em torno deste servi\u00e7o essencial, o Grupo de Trabalho (GT) Catadoras e Catadores da Defensoria P\u00fablica da Uni\u00e3o (DPU) fez uma mo\u00e7\u00e3o com uma [&hellip;]<\/p>\n","protected":false},"author":114,"featured_media":0,"comment_status":"open","ping_status":"open","sticky":false,"template":"","format":"standard","meta":{"footnotes":""},"categories":[247,54,2],"tags":[4,14,7,296,297,55,5],"class_list":["post-1203","post","type-post","status-publish","format-standard","hentry","category-cidadania","category-reciclagem","category-sustentabilidade","tag-4elementos1planeta","tag-coleta-seletiva","tag-conscientizacao","tag-defensoria-publica-da-uniao","tag-gt-catadores-e-catadoras","tag-reciclagem","tag-sustentabilidade"],"_links":{"self":[{"href":"https:\/\/blogs.correiobraziliense.com.br\/4elementos\/wp-json\/wp\/v2\/posts\/1203","targetHints":{"allow":["GET"]}}],"collection":[{"href":"https:\/\/blogs.correiobraziliense.com.br\/4elementos\/wp-json\/wp\/v2\/posts"}],"about":[{"href":"https:\/\/blogs.correiobraziliense.com.br\/4elementos\/wp-json\/wp\/v2\/types\/post"}],"author":[{"embeddable":true,"href":"https:\/\/blogs.correiobraziliense.com.br\/4elementos\/wp-json\/wp\/v2\/users\/114"}],"replies":[{"embeddable":true,"href":"https:\/\/blogs.correiobraziliense.com.br\/4elementos\/wp-json\/wp\/v2\/comments?post=1203"}],"version-history":[{"count":0,"href":"https:\/\/blogs.correiobraziliense.com.br\/4elementos\/wp-json\/wp\/v2\/posts\/1203\/revisions"}],"wp:attachment":[{"href":"https:\/\/blogs.correiobraziliense.com.br\/4elementos\/wp-json\/wp\/v2\/media?parent=1203"}],"wp:term":[{"taxonomy":"category","embeddable":true,"href":"https:\/\/blogs.correiobraziliense.com.br\/4elementos\/wp-json\/wp\/v2\/categories?post=1203"},{"taxonomy":"post_tag","embeddable":true,"href":"https:\/\/blogs.correiobraziliense.com.br\/4elementos\/wp-json\/wp\/v2\/tags?post=1203"}],"curies":[{"name":"wp","href":"https:\/\/api.w.org\/{rel}","templated":true}]}}