{"id":119,"date":"2019-06-13T11:28:18","date_gmt":"2019-06-13T14:28:18","guid":{"rendered":"https:\/\/blogs.correiobraziliense.com.br\/4elementos\/?p=119"},"modified":"2019-06-13T16:59:17","modified_gmt":"2019-06-13T19:59:17","slug":"irrigacao-consome-67-da-agua-disponivel-no-brasil-diz-ministro-canuto","status":"publish","type":"post","link":"https:\/\/blogs.correiobraziliense.com.br\/4elementos\/2019\/06\/13\/irrigacao-consome-67-da-agua-disponivel-no-brasil-diz-ministro-canuto\/","title":{"rendered":"Irriga\u00e7\u00e3o consome 67% da \u00e1gua dispon\u00edvel no Brasil, diz ministro Canuto"},"content":{"rendered":"<p>O Brasil tem 12% da \u00e1gua doce do Planeta, mas 67% dos recursos h\u00eddricos do pa\u00eds s\u00e3o destinados \u00e0 irriga\u00e7\u00e3o, alerta o ministro de Desenvolvimento Regional, Gustavo Canuto, durante o Semin\u00e1rio Seguran\u00e7a H\u00eddrica, promovido pelo Correio com apoio da Ag\u00eancia Reguladora de \u00c1guas, Energia e Saneamento B\u00e1sico do Distrito Federal (Adasa).<\/p>\n<p>Segundo o ministro, apenas 9% da \u00e1gua \u00e9 para consumo humano, 9,5% para ind\u00fastria e 11% para consumo animal. \u201cHoje, o risco econ\u00f4mico de uma falta de \u00e1gua \u00e9 de R$ 228,4 bilh\u00f5es, mas, se nada for feito, chegar\u00e1 a R$ 518,1 bilh\u00f5es em 2035\u201d, alertou. O ministro assinalou, ainda, que o Brasil produz uma alta carga de lan\u00e7amento de esgotos dom\u00e9sticos e industriais. \u201cDever\u00edamos cuidar melhor dos esgotos e do manejo dos res\u00edduos s\u00f3lidos\u201d, disse.<\/p>\n<p>\u201cA \u00e1gua \u00e9 um recurso natural limitado dotado de valor econ\u00f4mico e na sua escassez tem prioridade uso humano e animal. A lei prev\u00ea gest\u00e3o descentralizada e participativa\u201d, lembrou. Segundo o ministro, 12% da \u00e1gua doce do planeta est\u00e1 no Brasil, que se configura numa riqueza mundial. \u201cInfelizmente a \u00e1gua n\u00e3o est\u00e1 nas regi\u00f5es onde temos mais gente\u201d, destacou.<\/p>\n<figure id=\"attachment_120\" aria-describedby=\"caption-attachment-120\" style=\"width: 300px\" class=\"wp-caption alignright\"><img loading=\"lazy\" decoding=\"async\" class=\"wp-image-120 size-medium\" src=\"https:\/\/blogs.correiobraziliense.com.br\/4elementos\/wp-content\/uploads\/sites\/53\/2019\/06\/WhatsApp-Image-2019-06-13-at-10.17.04-300x191.jpeg\" alt=\"\" width=\"300\" height=\"191\" srcset=\"https:\/\/blogs.correiobraziliense.com.br\/4elementos\/wp-content\/uploads\/sites\/53\/2019\/06\/WhatsApp-Image-2019-06-13-at-10.17.04-300x191.jpeg 300w, https:\/\/blogs.correiobraziliense.com.br\/4elementos\/wp-content\/uploads\/sites\/53\/2019\/06\/WhatsApp-Image-2019-06-13-at-10.17.04-768x490.jpeg 768w, https:\/\/blogs.correiobraziliense.com.br\/4elementos\/wp-content\/uploads\/sites\/53\/2019\/06\/WhatsApp-Image-2019-06-13-at-10.17.04-1024x654.jpeg 1024w, https:\/\/blogs.correiobraziliense.com.br\/4elementos\/wp-content\/uploads\/sites\/53\/2019\/06\/WhatsApp-Image-2019-06-13-at-10.17.04-550x351.jpeg 550w, https:\/\/blogs.correiobraziliense.com.br\/4elementos\/wp-content\/uploads\/sites\/53\/2019\/06\/WhatsApp-Image-2019-06-13-at-10.17.04-230x147.jpeg 230w, https:\/\/blogs.correiobraziliense.com.br\/4elementos\/wp-content\/uploads\/sites\/53\/2019\/06\/WhatsApp-Image-2019-06-13-at-10.17.04.jpeg 1280w\" sizes=\"auto, (max-width: 300px) 100vw, 300px\" \/><figcaption id=\"caption-attachment-120\" class=\"wp-caption-text\">Ministro Gustavo Canuto \/ Foto: Ed Alves<\/figcaption><\/figure>\n<h3>Oferta reduzida<\/h3>\n<p>Conforme Canuto, atualmente 60,9 milh\u00f5es de brasileiros t\u00eam problemas com restri\u00e7\u00e3o de \u00e1gua. Em 2035, 73,7 milh\u00f5es de brasileiros ter\u00e3o oferta reduzida. Para melhorar a seguran\u00e7a h\u00eddrica do pa\u00eds, o MDR est\u00e1 promovendo 166 interven\u00e7\u00f5es.<\/p>\n<p>Do total, nove ainda precisam de an\u00e1lise, 62 necessitam de ajustes, mas 95 est\u00e3o no ponto. \u201cDesses, 50 est\u00e3o em execu\u00e7\u00e3o, 22 com projeto b\u00e1sico, oito em projeto executivo e 15 em anteprojeto\u201d, enumerou. O valor total \u00e9 de R$ 26,9 bilh\u00f5es nas obras, sendo R$ 15,7 bilh\u00f5es no Nordeste. \u201cEssas infraestruturas v\u00e3o mudar radicalmente a seguran\u00e7a h\u00eddrica do pa\u00eds\u201d, acrescentou.<\/p>\n","protected":false},"excerpt":{"rendered":"<p>O Brasil tem 12% da \u00e1gua doce do Planeta, mas 67% dos recursos h\u00eddricos do pa\u00eds s\u00e3o destinados \u00e0 irriga\u00e7\u00e3o, alerta o ministro de Desenvolvimento Regional, Gustavo Canuto, durante o Semin\u00e1rio Seguran\u00e7a H\u00eddrica, promovido pelo Correio com apoio da Ag\u00eancia Reguladora de \u00c1guas, Energia e Saneamento B\u00e1sico do Distrito Federal (Adasa). Segundo o ministro, apenas 9% da \u00e1gua \u00e9 para [&hellip;]<\/p>\n","protected":false},"author":114,"featured_media":0,"comment_status":"open","ping_status":"open","sticky":false,"template":"","format":"standard","meta":{"footnotes":""},"categories":[10,2],"tags":[12,28,6,5],"class_list":["post-119","post","type-post","status-publish","format-standard","hentry","category-agua","category-sustentabilidade","tag-agua","tag-combate-ao-desperdicio","tag-meio-ambiente","tag-sustentabilidade"],"_links":{"self":[{"href":"https:\/\/blogs.correiobraziliense.com.br\/4elementos\/wp-json\/wp\/v2\/posts\/119","targetHints":{"allow":["GET"]}}],"collection":[{"href":"https:\/\/blogs.correiobraziliense.com.br\/4elementos\/wp-json\/wp\/v2\/posts"}],"about":[{"href":"https:\/\/blogs.correiobraziliense.com.br\/4elementos\/wp-json\/wp\/v2\/types\/post"}],"author":[{"embeddable":true,"href":"https:\/\/blogs.correiobraziliense.com.br\/4elementos\/wp-json\/wp\/v2\/users\/114"}],"replies":[{"embeddable":true,"href":"https:\/\/blogs.correiobraziliense.com.br\/4elementos\/wp-json\/wp\/v2\/comments?post=119"}],"version-history":[{"count":3,"href":"https:\/\/blogs.correiobraziliense.com.br\/4elementos\/wp-json\/wp\/v2\/posts\/119\/revisions"}],"predecessor-version":[{"id":129,"href":"https:\/\/blogs.correiobraziliense.com.br\/4elementos\/wp-json\/wp\/v2\/posts\/119\/revisions\/129"}],"wp:attachment":[{"href":"https:\/\/blogs.correiobraziliense.com.br\/4elementos\/wp-json\/wp\/v2\/media?parent=119"}],"wp:term":[{"taxonomy":"category","embeddable":true,"href":"https:\/\/blogs.correiobraziliense.com.br\/4elementos\/wp-json\/wp\/v2\/categories?post=119"},{"taxonomy":"post_tag","embeddable":true,"href":"https:\/\/blogs.correiobraziliense.com.br\/4elementos\/wp-json\/wp\/v2\/tags?post=119"}],"curies":[{"name":"wp","href":"https:\/\/api.w.org\/{rel}","templated":true}]}}