{"id":1061,"date":"2020-06-02T17:25:58","date_gmt":"2020-06-02T20:25:58","guid":{"rendered":"http:\/\/blogs.correiobraziliense.com.br\/4elementos\/?p=1061"},"modified":"2020-06-02T17:25:58","modified_gmt":"2020-06-02T20:25:58","slug":"brasil-e-responsavel-por-um-terco-da-perda-de-florestas-virgens-no-mundo","status":"publish","type":"post","link":"https:\/\/blogs.correiobraziliense.com.br\/4elementos\/2020\/06\/02\/brasil-e-responsavel-por-um-terco-da-perda-de-florestas-virgens-no-mundo\/","title":{"rendered":"Brasil \u00e9 respons\u00e1vel por um ter\u00e7o da perda de florestas virgens no mundo"},"content":{"rendered":"<p>No ano passado, o Brasil foi respons\u00e1vel por um ter\u00e7o da devasta\u00e7\u00e3o de florestas virgens no mundo, segundo relat\u00f3rio divulgado nesta ter\u00e7a-feira (2\/6) pelo Global Forest Watch, organiza\u00e7\u00e3o que mant\u00e9m uma plataforma on-line de monitoramento de florestas. Para especialistas, al\u00e9m dos riscos para o planeta, isso destr\u00f3i ainda mais a j\u00e1 combalida imagem do pa\u00eds no exterior, sobretudo no que tange a pol\u00edticas ambientais.<\/p>\n<p>De janeiro a dezembro de 2019, o Brasil perdeu cerca de 1,3 milh\u00e3o de hectares (13.610 km\u00b2) de floresta tropical virgem \u2014 um ter\u00e7o do que foi perdido em todo o planeta. A \u00e1rea \u00e9 maior do que a cidade de Sidney, na Austr\u00e1lia, que tem 12.144 km\u00b2. O relat\u00f3rio apontou que o mundo perdeu 3,8 milh\u00f5es de hectares de florestas prim\u00e1rias tropicais.<\/p>\n<p>Especialistas explicam que s\u00e3o consideradas florestas virgens as n\u00e3o afetadas pela a\u00e7\u00e3o humana e, por isso, t\u00eam mais diversidade de esp\u00e9cies, armazenam mais carbono e s\u00e3o essenciais no combate \u00e0 mudan\u00e7a clim\u00e1tica.<\/p>\n<p>No Brasil, 95% da perda ocorreu na Amaz\u00f4nia, revelou a organiza\u00e7\u00e3o, que usa dados da Nasa, do Google e do Servi\u00e7o Geol\u00f3gico dos Estados Unidos em monitoramento por sat\u00e9lite feito pela Universidade de Maryland (EUA). As principais a\u00e7\u00f5es s\u00e3o queimadas e desmatamento.<\/p>\n<p>Em segundo e terceiro lugares, a Rep\u00fablica Democr\u00e1tica do Congo e a Indon\u00e9sia tiveram redu\u00e7\u00f5es de 475,2 mil hectares e 323,6 mil hectares, respectivamente. Por conta de inc\u00eandios que ocorreram em agosto de 2019 em \u00e1reas de alta biodiversidade, a Bol\u00edvia est\u00e1 em quarto lugar da lista, com perda de 290,4 mil hectares.<\/p>\n<h2><strong>Risco<\/strong><\/h2>\n<p>Para Marcio Astrini, secret\u00e1rio-executivo do Observat\u00f3rio do Clima, n\u00e3o justifica o Brasil ser o maior respons\u00e1vel pela devasta\u00e7\u00e3o por tamb\u00e9m ter a maior floresta do mundo. \u201cTer mais florestas \u00e9 um privil\u00e9gio, ter mais desmatamento \u00e9 um problema. Isso deprecia a nossa imagem como pa\u00eds\u201d, avaliou. Segundo ele, o pa\u00eds deveria estar cuidando do patrim\u00f4nio. \u201c\u00c9 nosso, mas afeta o planeta inteiro. Isso \u00e9 p\u00e9ssimo para as mudan\u00e7as clim\u00e1ticas. Sem preservar a Amaz\u00f4nia, podemos perder essa briga\u201d, lamentou.<\/p>\n<p>Astrini tamb\u00e9m alertou o quanto isso \u00e9 perigoso, sobretudo em um momento em que o planeta vive uma pandemia por conta de um v\u00edrus. \u201cA devasta\u00e7\u00e3o da Amaz\u00f4nia \u00e9 um risco muito grande para a sa\u00fade do planeta. \u00c9 o lugar mais rico em vida, com imenso estoque de v\u00edrus. Quanto mais a gente avan\u00e7a na floresta, maior o risco de ter novas zoonoses\u201d, destacou.<\/p>\n<p>Com o n\u00edvel de desmatamento da Amaz\u00f4nia, Astrini estimou que o surgimento de novos v\u00edrus \u00e9 s\u00f3 quest\u00e3o de tempo. \u201cN\u00e3o se trata de se, mas de quando isso vai ocorrer se continuarmos a avan\u00e7ar na floresta\u201d, disse.<\/p>\n","protected":false},"excerpt":{"rendered":"<p>No ano passado, o Brasil foi respons\u00e1vel por um ter\u00e7o da devasta\u00e7\u00e3o de florestas virgens no mundo, segundo relat\u00f3rio divulgado nesta ter\u00e7a-feira (2\/6) pelo Global Forest Watch, organiza\u00e7\u00e3o que mant\u00e9m uma plataforma on-line de monitoramento de florestas. Para especialistas, al\u00e9m dos riscos para o planeta, isso destr\u00f3i ainda mais a j\u00e1 combalida imagem do pa\u00eds no exterior, sobretudo no que [&hellip;]<\/p>\n","protected":false},"author":114,"featured_media":961,"comment_status":"open","ping_status":"open","sticky":false,"template":"","format":"standard","meta":{"footnotes":""},"categories":[155,132],"tags":[4,91,66,277,278,134],"class_list":["post-1061","post","type-post","status-publish","format-standard","has-post-thumbnail","hentry","category-catastrofe-ambiental","category-mudancas-climaticas","tag-4elementos1planeta","tag-amazonia","tag-desmatamento","tag-devastacao","tag-global-forest-watch","tag-mudancas-climaticas"],"_links":{"self":[{"href":"https:\/\/blogs.correiobraziliense.com.br\/4elementos\/wp-json\/wp\/v2\/posts\/1061","targetHints":{"allow":["GET"]}}],"collection":[{"href":"https:\/\/blogs.correiobraziliense.com.br\/4elementos\/wp-json\/wp\/v2\/posts"}],"about":[{"href":"https:\/\/blogs.correiobraziliense.com.br\/4elementos\/wp-json\/wp\/v2\/types\/post"}],"author":[{"embeddable":true,"href":"https:\/\/blogs.correiobraziliense.com.br\/4elementos\/wp-json\/wp\/v2\/users\/114"}],"replies":[{"embeddable":true,"href":"https:\/\/blogs.correiobraziliense.com.br\/4elementos\/wp-json\/wp\/v2\/comments?post=1061"}],"version-history":[{"count":0,"href":"https:\/\/blogs.correiobraziliense.com.br\/4elementos\/wp-json\/wp\/v2\/posts\/1061\/revisions"}],"wp:featuredmedia":[{"embeddable":true,"href":"https:\/\/blogs.correiobraziliense.com.br\/4elementos\/wp-json\/wp\/v2\/media\/961"}],"wp:attachment":[{"href":"https:\/\/blogs.correiobraziliense.com.br\/4elementos\/wp-json\/wp\/v2\/media?parent=1061"}],"wp:term":[{"taxonomy":"category","embeddable":true,"href":"https:\/\/blogs.correiobraziliense.com.br\/4elementos\/wp-json\/wp\/v2\/categories?post=1061"},{"taxonomy":"post_tag","embeddable":true,"href":"https:\/\/blogs.correiobraziliense.com.br\/4elementos\/wp-json\/wp\/v2\/tags?post=1061"}],"curies":[{"name":"wp","href":"https:\/\/api.w.org\/{rel}","templated":true}]}}