{"id":106,"date":"2019-06-13T09:07:10","date_gmt":"2019-06-13T12:07:10","guid":{"rendered":"https:\/\/blogs.correiobraziliense.com.br\/4elementos\/?p=106"},"modified":"2019-06-13T09:07:10","modified_gmt":"2019-06-13T12:07:10","slug":"correio-promove-seminario-seguranca-hidrica-com-apoio-da-adasa","status":"publish","type":"post","link":"https:\/\/blogs.correiobraziliense.com.br\/4elementos\/2019\/06\/13\/correio-promove-seminario-seguranca-hidrica-com-apoio-da-adasa\/","title":{"rendered":"Correio promove Semin\u00e1rio Seguran\u00e7a H\u00eddrica com apoio da Adasa"},"content":{"rendered":"<p>A seguran\u00e7a h\u00eddrica e o desperd\u00edcio de \u00e1gua entrar\u00e3o em debate, daqui a pouco, nesta quinta-feira (13\/6), no Correio Braziliense. Especialistas do setor participam de semin\u00e1rio no audit\u00f3rio do jornal, onde discutir\u00e3o as perdas para o pa\u00eds e para o meio ambiente, experi\u00eancias e legado.<\/p>\n<p>Todos os anos, segundo a Organiza\u00e7\u00e3o da Sociedade Civil de Interesse P\u00fablico (Oscip) Trata Brasil, o pa\u00eds perde o equivalente a mais de 7 mil piscinas ol\u00edmpicas por dia. A perda de \u00e1gua pot\u00e1vel seria suficiente para abastecer 30% da popula\u00e7\u00e3o brasileira em um ano.<\/p>\n<p>&nbsp;<\/p>\n<h3><strong><img loading=\"lazy\" decoding=\"async\" class=\"alignnone size-medium wp-image-107\" src=\"https:\/\/blogs.correiobraziliense.com.br\/4elementos\/wp-content\/uploads\/sites\/53\/2019\/06\/WhatsApp-Image-2019-06-13-at-08.48.35-300x169.jpeg\" alt=\"\" width=\"300\" height=\"169\" srcset=\"https:\/\/blogs.correiobraziliense.com.br\/4elementos\/wp-content\/uploads\/sites\/53\/2019\/06\/WhatsApp-Image-2019-06-13-at-08.48.35-300x169.jpeg 300w, https:\/\/blogs.correiobraziliense.com.br\/4elementos\/wp-content\/uploads\/sites\/53\/2019\/06\/WhatsApp-Image-2019-06-13-at-08.48.35-768x432.jpeg 768w, https:\/\/blogs.correiobraziliense.com.br\/4elementos\/wp-content\/uploads\/sites\/53\/2019\/06\/WhatsApp-Image-2019-06-13-at-08.48.35-1024x576.jpeg 1024w, https:\/\/blogs.correiobraziliense.com.br\/4elementos\/wp-content\/uploads\/sites\/53\/2019\/06\/WhatsApp-Image-2019-06-13-at-08.48.35-550x309.jpeg 550w, https:\/\/blogs.correiobraziliense.com.br\/4elementos\/wp-content\/uploads\/sites\/53\/2019\/06\/WhatsApp-Image-2019-06-13-at-08.48.35-230x129.jpeg 230w, https:\/\/blogs.correiobraziliense.com.br\/4elementos\/wp-content\/uploads\/sites\/53\/2019\/06\/WhatsApp-Image-2019-06-13-at-08.48.35.jpeg 1280w\" sizes=\"auto, (max-width: 300px) 100vw, 300px\" \/> <img loading=\"lazy\" decoding=\"async\" class=\"alignnone size-medium wp-image-108\" src=\"https:\/\/blogs.correiobraziliense.com.br\/4elementos\/wp-content\/uploads\/sites\/53\/2019\/06\/WhatsApp-Image-2019-06-13-at-08.52.45-300x169.jpeg\" alt=\"\" width=\"300\" height=\"169\" srcset=\"https:\/\/blogs.correiobraziliense.com.br\/4elementos\/wp-content\/uploads\/sites\/53\/2019\/06\/WhatsApp-Image-2019-06-13-at-08.52.45-300x169.jpeg 300w, https:\/\/blogs.correiobraziliense.com.br\/4elementos\/wp-content\/uploads\/sites\/53\/2019\/06\/WhatsApp-Image-2019-06-13-at-08.52.45-768x432.jpeg 768w, https:\/\/blogs.correiobraziliense.com.br\/4elementos\/wp-content\/uploads\/sites\/53\/2019\/06\/WhatsApp-Image-2019-06-13-at-08.52.45-1024x576.jpeg 1024w, https:\/\/blogs.correiobraziliense.com.br\/4elementos\/wp-content\/uploads\/sites\/53\/2019\/06\/WhatsApp-Image-2019-06-13-at-08.52.45-550x309.jpeg 550w, https:\/\/blogs.correiobraziliense.com.br\/4elementos\/wp-content\/uploads\/sites\/53\/2019\/06\/WhatsApp-Image-2019-06-13-at-08.52.45-230x129.jpeg 230w, https:\/\/blogs.correiobraziliense.com.br\/4elementos\/wp-content\/uploads\/sites\/53\/2019\/06\/WhatsApp-Image-2019-06-13-at-08.52.45.jpeg 1280w\" sizes=\"auto, (max-width: 300px) 100vw, 300px\" \/><\/strong><\/h3>\n<h3 style=\"text-align: center\"><strong>Inefici\u00eancia<\/strong><\/h3>\n<p>Pedro Scazuscka, consultor t\u00e9cnico da Trata Brasil, diz que o levantamento da Oscip tem o objetivo subsidiar medidas que possam reduzir o problema, j\u00e1 que a \u00e1gua \u00e9 um bem cada vez mais escasso. \u201cO estudo mostra a inefici\u00eancia do sistema no pa\u00eds. De cada 100 litros produzidos, o Brasil perde 38.\u201d<\/p>\n<p>Para o presidente executivo da Trata Brasil, \u00c9dison Carlos, o aumento das perdas indica problema de gest\u00e3o e que os investimentos para a redu\u00e7\u00e3o n\u00e3o s\u00e3o suficientes. As unidades da Federa\u00e7\u00e3o que lideraram o ranking do desperd\u00edcio de \u00e1gua, de acordo com a Trata Brasil, s\u00e3o Roraima, com 75%; Amazonas, com 69%; e Amap\u00e1, com 66%. O Distrito Federal aparece em 24\u00b0 lugar, com 34%, abaixo da m\u00e9dia nacional.<\/p>\n","protected":false},"excerpt":{"rendered":"<p>A seguran\u00e7a h\u00eddrica e o desperd\u00edcio de \u00e1gua entrar\u00e3o em debate, daqui a pouco, nesta quinta-feira (13\/6), no Correio Braziliense. Especialistas do setor participam de semin\u00e1rio no audit\u00f3rio do jornal, onde discutir\u00e3o as perdas para o pa\u00eds e para o meio ambiente, experi\u00eancias e legado. Todos os anos, segundo a Organiza\u00e7\u00e3o da Sociedade Civil de Interesse P\u00fablico (Oscip) Trata Brasil, [&hellip;]<\/p>\n","protected":false},"author":114,"featured_media":0,"comment_status":"open","ping_status":"open","sticky":false,"template":"","format":"standard","meta":{"footnotes":""},"categories":[10,3,2],"tags":[12,28,27,5],"class_list":["post-106","post","type-post","status-publish","format-standard","hentry","category-agua","category-meio-ambiente","category-sustentabilidade","tag-agua","tag-combate-ao-desperdicio","tag-seguranca-hidrica","tag-sustentabilidade"],"_links":{"self":[{"href":"https:\/\/blogs.correiobraziliense.com.br\/4elementos\/wp-json\/wp\/v2\/posts\/106","targetHints":{"allow":["GET"]}}],"collection":[{"href":"https:\/\/blogs.correiobraziliense.com.br\/4elementos\/wp-json\/wp\/v2\/posts"}],"about":[{"href":"https:\/\/blogs.correiobraziliense.com.br\/4elementos\/wp-json\/wp\/v2\/types\/post"}],"author":[{"embeddable":true,"href":"https:\/\/blogs.correiobraziliense.com.br\/4elementos\/wp-json\/wp\/v2\/users\/114"}],"replies":[{"embeddable":true,"href":"https:\/\/blogs.correiobraziliense.com.br\/4elementos\/wp-json\/wp\/v2\/comments?post=106"}],"version-history":[{"count":3,"href":"https:\/\/blogs.correiobraziliense.com.br\/4elementos\/wp-json\/wp\/v2\/posts\/106\/revisions"}],"predecessor-version":[{"id":111,"href":"https:\/\/blogs.correiobraziliense.com.br\/4elementos\/wp-json\/wp\/v2\/posts\/106\/revisions\/111"}],"wp:attachment":[{"href":"https:\/\/blogs.correiobraziliense.com.br\/4elementos\/wp-json\/wp\/v2\/media?parent=106"}],"wp:term":[{"taxonomy":"category","embeddable":true,"href":"https:\/\/blogs.correiobraziliense.com.br\/4elementos\/wp-json\/wp\/v2\/categories?post=106"},{"taxonomy":"post_tag","embeddable":true,"href":"https:\/\/blogs.correiobraziliense.com.br\/4elementos\/wp-json\/wp\/v2\/tags?post=106"}],"curies":[{"name":"wp","href":"https:\/\/api.w.org\/{rel}","templated":true}]}}