{"id":1054,"date":"2020-06-02T13:38:58","date_gmt":"2020-06-02T16:38:58","guid":{"rendered":"http:\/\/blogs.correiobraziliense.com.br\/4elementos\/?p=1054"},"modified":"2020-06-02T13:38:58","modified_gmt":"2020-06-02T16:38:58","slug":"serie-de-lives-debate-sustentabilidade-na-semana-do-meio-ambiente","status":"publish","type":"post","link":"https:\/\/blogs.correiobraziliense.com.br\/4elementos\/2020\/06\/02\/serie-de-lives-debate-sustentabilidade-na-semana-do-meio-ambiente\/","title":{"rendered":"S\u00e9rie de lives debate sustentabilidade na Semana do Meio Ambiente"},"content":{"rendered":"<p>Na Semana do Meio Ambiente, uma s\u00e9rie de lives vai debater os temas mais importantes para a sustentabilidade, como a tentativa do desmonte ambiental do governo federal, a defesa da biodiversidade, o novo normal ap\u00f3s a pandemia de covid-19, alimenta\u00e7\u00e3o saud\u00e1vel e atua\u00e7\u00e3o de organiza\u00e7\u00f5es ambientalistas. As videoconfer\u00eancias, promovidas pela Plurale, ser\u00e3o pelo Instagram @revistaplurale, sempre das 19h \u00e0s 20h, com exce\u00e7\u00e3o desta ter\u00e7a-feira (2\/6). Hoje, a live ser\u00e1 das 18h at\u00e9 19h.<\/p>\n<p>\u201cNosso objetivo \u00e9 dialogar com especialistas sobre os temas do momento, como o novo normal , alimenta\u00e7\u00e3o saud\u00e1vel, a atua\u00e7\u00e3o em rede de empresas para ajudar na pandemia, ativismo ambiental e a agenda de ONGs e m\u00eddia na defesa da biodiversidade brasileira\u201d, explica S\u00f4nia Araripe, editora e diretora da Plurale, que ser\u00e1 a moderadora das entrevistas.<\/p>\n<p>O novo normal ser\u00e1 debatido na live de hoje, com as colunistas da Plurale Sonia Consiglio Favaretto, presidente do conselho do GRI (Global Reporting Initiative), e Adriana Boscov, consultora em Sustentabilidade.<\/p>\n<h2><img loading=\"lazy\" decoding=\"async\" class=\"alignnone size-full wp-image-1055\" src=\"https:\/\/blogs.correiobraziliense.com.br\/4elementos\/wp-content\/uploads\/sites\/53\/2020\/06\/Plurale-1.jpeg\" alt=\"\" width=\"903\" height=\"226\" srcset=\"https:\/\/blogs.correiobraziliense.com.br\/4elementos\/wp-content\/uploads\/sites\/53\/2020\/06\/Plurale-1.jpeg 903w, https:\/\/blogs.correiobraziliense.com.br\/4elementos\/wp-content\/uploads\/sites\/53\/2020\/06\/Plurale-1-300x75.jpeg 300w, https:\/\/blogs.correiobraziliense.com.br\/4elementos\/wp-content\/uploads\/sites\/53\/2020\/06\/Plurale-1-768x192.jpeg 768w, https:\/\/blogs.correiobraziliense.com.br\/4elementos\/wp-content\/uploads\/sites\/53\/2020\/06\/Plurale-1-550x138.jpeg 550w, https:\/\/blogs.correiobraziliense.com.br\/4elementos\/wp-content\/uploads\/sites\/53\/2020\/06\/Plurale-1-230x58.jpeg 230w\" sizes=\"auto, (max-width: 903px) 100vw, 903px\" \/><\/h2>\n<h2 style=\"text-align: center\"><strong>Sustentabilidade<\/strong><\/h2>\n<p>A top influencer, palestrante e consultora de sustentabilidade Fe Cortez, do Menos 1 Lixo, ser\u00e1 a convidada especial da live de quarta-feira (3\/6), \u00e0s 19h. Ela falar\u00e1 sobre as suas a\u00e7\u00f5es como embaixadora do Mares Limpos da Organiza\u00e7\u00e3o das Na\u00e7\u00f5es Unidos (ONU) e tamb\u00e9m como consultora e palestrante da nova era sustent\u00e1vel. Tamb\u00e9m a jovem publicit\u00e1ria e criadora de conte\u00fado sobre sustentabilidade Maria Vit\u00f3ria Cantidiano (@vireieco) vai conversar sobre o seu engajamento na causa, dando dicas de como ter uma vida mais sustent\u00e1vel.<\/p>\n<p>A for\u00e7a do coletivo, com atua\u00e7\u00e3o em rede de empresas para combater a crise da pandemia, \u00e9 a abordagem da live da quinta-feira (4\/6) das 19h at\u00e9 20h. Participar\u00e3o a diretora executiva do Bradesco, Glaucimar Peticov, respons\u00e1vel pelas \u00e1reas de Recursos Humanos, Marketing, Ouvidoria e PMO Corporativo, e a diretora de Responsabilidade Social e Comunica\u00e7\u00e3o da Claro e vice-presidente de Projetos do Instituto Claro, Daniely Gomiero.<\/p>\n<p>Encerrando a s\u00e9rie de lives na semana, no Dia Mundial do Meio Ambiente, 5 de junho, o secret\u00e1rio executivo do Observat\u00f3rio do Clima, M\u00e1rcio AstrIni, e o jornalista Dal Marcondes, presidente da Rede Brasileira de Jornalismo Ambiente e Diretor da Envolverde v\u00e3o discutir sobre a tentativa de desmonte ambiental por parte do governo federal.<\/p>\n","protected":false},"excerpt":{"rendered":"<p>Na Semana do Meio Ambiente, uma s\u00e9rie de lives vai debater os temas mais importantes para a sustentabilidade, como a tentativa do desmonte ambiental do governo federal, a defesa da biodiversidade, o novo normal ap\u00f3s a pandemia de covid-19, alimenta\u00e7\u00e3o saud\u00e1vel e atua\u00e7\u00e3o de organiza\u00e7\u00f5es ambientalistas. As videoconfer\u00eancias, promovidas pela Plurale, ser\u00e3o pelo Instagram @revistaplurale, sempre das 19h \u00e0s 20h, [&hellip;]<\/p>\n","protected":false},"author":114,"featured_media":0,"comment_status":"open","ping_status":"open","sticky":false,"template":"","format":"standard","meta":{"footnotes":""},"categories":[3,2],"tags":[4,80,6,275,276,5],"class_list":["post-1054","post","type-post","status-publish","format-standard","hentry","category-meio-ambiente","category-sustentabilidade","tag-4elementos1planeta","tag-ambientalistas","tag-meio-ambiente","tag-plurale","tag-semana-do-meio-ambiente","tag-sustentabilidade"],"_links":{"self":[{"href":"https:\/\/blogs.correiobraziliense.com.br\/4elementos\/wp-json\/wp\/v2\/posts\/1054","targetHints":{"allow":["GET"]}}],"collection":[{"href":"https:\/\/blogs.correiobraziliense.com.br\/4elementos\/wp-json\/wp\/v2\/posts"}],"about":[{"href":"https:\/\/blogs.correiobraziliense.com.br\/4elementos\/wp-json\/wp\/v2\/types\/post"}],"author":[{"embeddable":true,"href":"https:\/\/blogs.correiobraziliense.com.br\/4elementos\/wp-json\/wp\/v2\/users\/114"}],"replies":[{"embeddable":true,"href":"https:\/\/blogs.correiobraziliense.com.br\/4elementos\/wp-json\/wp\/v2\/comments?post=1054"}],"version-history":[{"count":0,"href":"https:\/\/blogs.correiobraziliense.com.br\/4elementos\/wp-json\/wp\/v2\/posts\/1054\/revisions"}],"wp:attachment":[{"href":"https:\/\/blogs.correiobraziliense.com.br\/4elementos\/wp-json\/wp\/v2\/media?parent=1054"}],"wp:term":[{"taxonomy":"category","embeddable":true,"href":"https:\/\/blogs.correiobraziliense.com.br\/4elementos\/wp-json\/wp\/v2\/categories?post=1054"},{"taxonomy":"post_tag","embeddable":true,"href":"https:\/\/blogs.correiobraziliense.com.br\/4elementos\/wp-json\/wp\/v2\/tags?post=1054"}],"curies":[{"name":"wp","href":"https:\/\/api.w.org\/{rel}","templated":true}]}}