{"id":1047,"date":"2020-06-01T14:02:57","date_gmt":"2020-06-01T17:02:57","guid":{"rendered":"http:\/\/blogs.correiobraziliense.com.br\/4elementos\/?p=1047"},"modified":"2020-06-01T14:02:57","modified_gmt":"2020-06-01T17:02:57","slug":"amazonia-mpf-cobra-r-37-bilhoes-em-indenizacoes-por-desmatamento","status":"publish","type":"post","link":"https:\/\/blogs.correiobraziliense.com.br\/4elementos\/2020\/06\/01\/amazonia-mpf-cobra-r-37-bilhoes-em-indenizacoes-por-desmatamento\/","title":{"rendered":"Amaz\u00f4nia: MPF cobra R$ 3,7 bilh\u00f5es em indeniza\u00e7\u00f5es por desmatamento"},"content":{"rendered":"<p><span style=\"font-weight: 400\">Desmatamento ilegal na Amaz\u00f4nia provoca mais de mil a\u00e7\u00f5es civis p\u00fablicas. Apenas em maio, em a\u00e7\u00e3o coordenada pela C\u00e2mara de Meio Ambiente e Patrim\u00f4nio Cultural (4CCR), o Minist\u00e9rio P\u00fablico Federal (MPF) instaurou 1.023 processos contra 2.262 r\u00e9us em raz\u00e3o de desmatamentos ilegais na Amaz\u00f4nia. Ao todo, as indeniza\u00e7\u00f5es cobradas pelos danos causados somam mais de R$ 3,7 bilh\u00f5es. Al\u00e9m disso, os processos exigem repara\u00e7\u00e3o de 231.456 hectares de floresta degradados.\u00a0<\/span><\/p>\n<p><span style=\"font-weight: 400\">A iniciativa faz parte da 3\u00aa fase do Projeto Amaz\u00f4nia Protege, que mapeou pol\u00edgonos de 60 hectares ou mais devastados entre agosto de 2017 e dezembro de 2019. Os n\u00fameros foram divulgados nesta segunda-feira (1\u00ba\/6).<\/span><\/p>\n<p><span style=\"font-weight: 400\">Baseadas em laudos periciais produzidos a partir da an\u00e1lise de imagens de sat\u00e9lite e do cruzamento das informa\u00e7\u00f5es com bancos de dados p\u00fablicos, as a\u00e7\u00f5es foram propostas em sete estados da Amaz\u00f4nia Legal: Acre, Amazonas, Maranh\u00e3o, Mato Grosso, Par\u00e1, Rond\u00f4nia e Roraima. O monitoramento apontou total de 321 mil hectares de floresta de desmatamento ilegal no bi\u00eanio 2017\/2019.<\/span><\/p>\n<p><span style=\"font-weight: 400\"> O estado mais afetado no per\u00edodo foi Mato Grosso, com 95,4 mil hectares de \u00e1rea desmatada, sendo que 63,6 mil j\u00e1 s\u00e3o alvo de a\u00e7\u00e3o civil p\u00fablica. At\u00e9 agora, o MPF ajuizou 242 a\u00e7\u00f5es no estado, mas outras podem ser propostas futuramente.<\/span><\/p>\n<h2><b>Campe\u00e3o em desmatamento<\/b><\/h2>\n<p><span style=\"font-weight: 400\">Em rela\u00e7\u00e3o ao n\u00famero de pol\u00edgonos com \u00e1rea igual ou superior a 60 hectares desmatados ilegalmente entre julho de 2017 e dezembro de 2019, o estado do Par\u00e1 foi o campe\u00e3o, com 373 registros. O corte raso de vegeta\u00e7\u00e3o nativa no estado atingiu 87,9 mil hectares, sendo que 68,7 mil j\u00e1 s\u00e3o alvo das 310 a\u00e7\u00f5es ajuizadas at\u00e9 o momento.\u00a0<\/span><\/p>\n<p><span style=\"font-weight: 400\">No Amazonas, foram mapeados 284 pol\u00edgonos de desmatamento, o que corresponde a cerca de 81 mil hectares. At\u00e9 agora, foram propostas 215 a\u00e7\u00f5es no estado, referentes a 61,5 mil hectares da \u00e1rea destru\u00edda. O levantamento apontou ainda que, entre os pol\u00edgonos de desmatamento ilegal identificados, 64 est\u00e3o dentro de Unidades de Conserva\u00e7\u00e3o (UCs) federais e 41 dentro de Terras Ind\u00edgenas (Tis).<\/span><\/p>\n<h2><b>Vigil\u00e2ncia<\/b><\/h2>\n<p><span style=\"font-weight: 400\">Este \u00e9 o terceiro ano em que o MPF atua de forma articulada por meio do Projeto Amaz\u00f4nia Protege, lan\u00e7ado em novembro de 2017. Na primeira etapa, foram instauradas 1.125 a\u00e7\u00f5es referentes a desmatamentos realizados entre agosto de 2015 e julho de 2016. Na segunda, foram 1.414 a\u00e7\u00f5es por supress\u00e3o ilegal de floresta no per\u00edodo de agosto de 2016 a julho de 2017. <\/span><\/p>\n<p><span style=\"font-weight: 400\">Somando esses n\u00fameros \u00e0s a\u00e7\u00f5es ajuizadas este ano, s\u00e3o mais de 3,5 mil processos contra o desmatamento ilegal na Amaz\u00f4nia.\u00a0 Nas a\u00e7\u00f5es, o MPF pede indeniza\u00e7\u00f5es relativas aos danos materiais e morais difusos derivados da remo\u00e7\u00e3o da cobertura vegetal e a recomposi\u00e7\u00e3o da \u00e1rea degradada.\u00a0<\/span><\/p>\n","protected":false},"excerpt":{"rendered":"<p>Desmatamento ilegal na Amaz\u00f4nia provoca mais de mil a\u00e7\u00f5es civis p\u00fablicas. Apenas em maio, em a\u00e7\u00e3o coordenada pela C\u00e2mara de Meio Ambiente e Patrim\u00f4nio Cultural (4CCR), o Minist\u00e9rio P\u00fablico Federal (MPF) instaurou 1.023 processos contra 2.262 r\u00e9us em raz\u00e3o de desmatamentos ilegais na Amaz\u00f4nia. Ao todo, as indeniza\u00e7\u00f5es cobradas pelos danos causados somam mais de R$ 3,7 bilh\u00f5es. Al\u00e9m disso, [&hellip;]<\/p>\n","protected":false},"author":114,"featured_media":578,"comment_status":"open","ping_status":"open","sticky":false,"template":"","format":"standard","meta":{"footnotes":""},"categories":[155,242,1],"tags":[91,66,6,104,5],"class_list":["post-1047","post","type-post","status-publish","format-standard","has-post-thumbnail","hentry","category-catastrofe-ambiental","category-denuncia","category-sem-categoria","tag-amazonia","tag-desmatamento","tag-meio-ambiente","tag-mpf","tag-sustentabilidade"],"_links":{"self":[{"href":"https:\/\/blogs.correiobraziliense.com.br\/4elementos\/wp-json\/wp\/v2\/posts\/1047","targetHints":{"allow":["GET"]}}],"collection":[{"href":"https:\/\/blogs.correiobraziliense.com.br\/4elementos\/wp-json\/wp\/v2\/posts"}],"about":[{"href":"https:\/\/blogs.correiobraziliense.com.br\/4elementos\/wp-json\/wp\/v2\/types\/post"}],"author":[{"embeddable":true,"href":"https:\/\/blogs.correiobraziliense.com.br\/4elementos\/wp-json\/wp\/v2\/users\/114"}],"replies":[{"embeddable":true,"href":"https:\/\/blogs.correiobraziliense.com.br\/4elementos\/wp-json\/wp\/v2\/comments?post=1047"}],"version-history":[{"count":0,"href":"https:\/\/blogs.correiobraziliense.com.br\/4elementos\/wp-json\/wp\/v2\/posts\/1047\/revisions"}],"wp:featuredmedia":[{"embeddable":true,"href":"https:\/\/blogs.correiobraziliense.com.br\/4elementos\/wp-json\/wp\/v2\/media\/578"}],"wp:attachment":[{"href":"https:\/\/blogs.correiobraziliense.com.br\/4elementos\/wp-json\/wp\/v2\/media?parent=1047"}],"wp:term":[{"taxonomy":"category","embeddable":true,"href":"https:\/\/blogs.correiobraziliense.com.br\/4elementos\/wp-json\/wp\/v2\/categories?post=1047"},{"taxonomy":"post_tag","embeddable":true,"href":"https:\/\/blogs.correiobraziliense.com.br\/4elementos\/wp-json\/wp\/v2\/tags?post=1047"}],"curies":[{"name":"wp","href":"https:\/\/api.w.org\/{rel}","templated":true}]}}