{"id":1037,"date":"2020-05-28T18:18:58","date_gmt":"2020-05-28T21:18:58","guid":{"rendered":"http:\/\/blogs.correiobraziliense.com.br\/4elementos\/?p=1037"},"modified":"2020-05-28T18:18:58","modified_gmt":"2020-05-28T21:18:58","slug":"live-pela-amazonia-reune-artistas-nacionais-e-internacionais-hoje","status":"publish","type":"post","link":"https:\/\/blogs.correiobraziliense.com.br\/4elementos\/2020\/05\/28\/live-pela-amazonia-reune-artistas-nacionais-e-internacionais-hoje\/","title":{"rendered":"Live pela Amaz\u00f4nia re\u00fane artistas nacionais e internacionais hoje"},"content":{"rendered":"<p>Dezenas de artistas nacionais e internacionais, al\u00e9m de lideran\u00e7as ind\u00edgenas, se re\u00fanem de forma virtual em uma live nesta quinta-feira (28\/5) em defesa da Amaz\u00f4nia. O avan\u00e7o da pandemia da covid-19 pela Bacia Amaz\u00f4nica amea\u00e7a a vida e o futuro das comunidades ind\u00edgenas e tradicionais das florestas.<\/p>\n<p>O objetivo do evento, que, no Brasil, ocorre das 21h \u00e0s 23h, \u00e9 captar recursos para o Fundo Emergencial da Amaz\u00f4nia, que conta com ind\u00edgenas em sua governan\u00e7a e apoia as comunidades ind\u00edgenas no bioma amaz\u00f4nico nos pa\u00edses Brasil, Bol\u00edvia, Col\u00f4mbia, Equador, Guiana, Guiana Francesa, Peru, Suriname e Venezuela.<\/p>\n<p>Os recursos ser\u00e3o destinados \u00e0 preven\u00e7\u00e3o e cuidados urgentes; compra de alimentos e suprimentos m\u00e9dicos; comunica\u00e7\u00f5es e evacua\u00e7\u00e3o de emerg\u00eancia; prote\u00e7\u00e3o e seguran\u00e7a para guardi\u00f5es florestais; soberania alimentar e resili\u00eancia comunit\u00e1ria.<\/p>\n<p>Participe do Artistas pela Amaz\u00f4nia: Protegendo os Protetores pelo site <a href=\"http:\/\/artistsforamazonia.org\">artistsforamazonia.org<\/a><\/p>\n<p><img loading=\"lazy\" decoding=\"async\" class=\"alignnone size-large wp-image-1039\" src=\"https:\/\/blogs.correiobraziliense.com.br\/4elementos\/wp-content\/uploads\/sites\/53\/2020\/05\/artistas-1-1024x401.jpg\" alt=\"\" width=\"1024\" height=\"401\" srcset=\"https:\/\/blogs.correiobraziliense.com.br\/4elementos\/wp-content\/uploads\/sites\/53\/2020\/05\/artistas-1-1024x401.jpg 1024w, https:\/\/blogs.correiobraziliense.com.br\/4elementos\/wp-content\/uploads\/sites\/53\/2020\/05\/artistas-1-300x117.jpg 300w, https:\/\/blogs.correiobraziliense.com.br\/4elementos\/wp-content\/uploads\/sites\/53\/2020\/05\/artistas-1-768x300.jpg 768w, https:\/\/blogs.correiobraziliense.com.br\/4elementos\/wp-content\/uploads\/sites\/53\/2020\/05\/artistas-1-550x215.jpg 550w, https:\/\/blogs.correiobraziliense.com.br\/4elementos\/wp-content\/uploads\/sites\/53\/2020\/05\/artistas-1-230x90.jpg 230w, https:\/\/blogs.correiobraziliense.com.br\/4elementos\/wp-content\/uploads\/sites\/53\/2020\/05\/artistas-1.jpg 1347w\" sizes=\"auto, (max-width: 1024px) 100vw, 1024px\" \/><\/p>\n<p>&nbsp;<\/p>\n<p>Veja a lista de participantes:<\/p>\n<p>ARTISTAS<br \/>\nBarbra Streisand<br \/>\nSting &amp; Trudie Styler<br \/>\nMorgan Freeman<br \/>\nDave Matthews<br \/>\nJane Fonda<br \/>\nRicky Martin<br \/>\nJeff Bridges<br \/>\nScott Bakula<br \/>\nButterscotch<br \/>\nOona Chaplin<br \/>\nNahko<br \/>\nPeter Coyote<br \/>\nCara Delevingne<br \/>\nPeter Gabriel<br \/>\nHerbie Hancock<br \/>\nIvan Lins<br \/>\nCarlos Santana<br \/>\nAlfre Woodard<br \/>\nAmber Valletta<br \/>\nAnderson Varejao<br \/>\nEd Begley Jr.<br \/>\nRachelle Carson-Begley<br \/>\nMichelle Barton<br \/>\nTom Bergeron<br \/>\nHart Bochner<br \/>\nCindy Blackman<br \/>\nMatti Caspi<br \/>\nSuyan Caspi<br \/>\nRocky Dawuni<br \/>\nCary Elwes<br \/>\nIsla Fisher<br \/>\nFrances Fisher<br \/>\nMaria Gadu<br \/>\nQ\u00b4Orianka Kilcher<br \/>\nDharma Lemon<br \/>\nWendie Malick<br \/>\nMatthew Modine<br \/>\nWagner Moura<br \/>\nAmy Smart<br \/>\nLuciana Souza<br \/>\nChloe Smith<br \/>\nMickey Sumner<br \/>\nScottie Thompson<br \/>\nLynne Twist<br \/>\nKali Uchis<br \/>\nBarbara Williams<br \/>\nXiuhtezcatl<\/p>\n<p>LIDERAN\u00c7AS IND\u00cdGENAS<br \/>\nSonia Bone Guajajara<br \/>\nGregorio Diaz Mirabal<br \/>\nLizardo Cauper<br \/>\nAngela Kaxuyana<br \/>\nNina Gualinga<br \/>\nJakon Rate<br \/>\nHelena Gualinga<br \/>\nBenki Piyako<br \/>\nXiye Bastida<br \/>\nMapu Huni Kuin<\/p>\n<p>CIENTISTAS E ESPECIALISTAS<\/p>\n<p>Jane Goodall<br \/>\nCarlos Nobre<br \/>\nThomas Lovejoy<br \/>\nLeila Salazar-Lopez<br \/>\nWade Davis<br \/>\nJean Michel Cousteau<br \/>\nAtossa Soltani<br \/>\nCeline Cousteau<br \/>\nChristina Miller<br \/>\nMayor Arthur Neto of Manaus<\/p>\n","protected":false},"excerpt":{"rendered":"<p>Dezenas de artistas nacionais e internacionais, al\u00e9m de lideran\u00e7as ind\u00edgenas, se re\u00fanem de forma virtual em uma live nesta quinta-feira (28\/5) em defesa da Amaz\u00f4nia. O avan\u00e7o da pandemia da covid-19 pela Bacia Amaz\u00f4nica amea\u00e7a a vida e o futuro das comunidades ind\u00edgenas e tradicionais das florestas. O objetivo do evento, que, no Brasil, ocorre das 21h \u00e0s 23h, \u00e9 [&hellip;]<\/p>\n","protected":false},"author":114,"featured_media":0,"comment_status":"open","ping_status":"open","sticky":false,"template":"","format":"standard","meta":{"footnotes":""},"categories":[1,2,256],"tags":[4,91,274,7,6,5],"class_list":["post-1037","post","type-post","status-publish","format-standard","hentry","category-sem-categoria","category-sustentabilidade","category-terras-indigenas","tag-4elementos1planeta","tag-amazonia","tag-artistas-pela-amazonia","tag-conscientizacao","tag-meio-ambiente","tag-sustentabilidade"],"_links":{"self":[{"href":"https:\/\/blogs.correiobraziliense.com.br\/4elementos\/wp-json\/wp\/v2\/posts\/1037","targetHints":{"allow":["GET"]}}],"collection":[{"href":"https:\/\/blogs.correiobraziliense.com.br\/4elementos\/wp-json\/wp\/v2\/posts"}],"about":[{"href":"https:\/\/blogs.correiobraziliense.com.br\/4elementos\/wp-json\/wp\/v2\/types\/post"}],"author":[{"embeddable":true,"href":"https:\/\/blogs.correiobraziliense.com.br\/4elementos\/wp-json\/wp\/v2\/users\/114"}],"replies":[{"embeddable":true,"href":"https:\/\/blogs.correiobraziliense.com.br\/4elementos\/wp-json\/wp\/v2\/comments?post=1037"}],"version-history":[{"count":0,"href":"https:\/\/blogs.correiobraziliense.com.br\/4elementos\/wp-json\/wp\/v2\/posts\/1037\/revisions"}],"wp:attachment":[{"href":"https:\/\/blogs.correiobraziliense.com.br\/4elementos\/wp-json\/wp\/v2\/media?parent=1037"}],"wp:term":[{"taxonomy":"category","embeddable":true,"href":"https:\/\/blogs.correiobraziliense.com.br\/4elementos\/wp-json\/wp\/v2\/categories?post=1037"},{"taxonomy":"post_tag","embeddable":true,"href":"https:\/\/blogs.correiobraziliense.com.br\/4elementos\/wp-json\/wp\/v2\/tags?post=1037"}],"curies":[{"name":"wp","href":"https:\/\/api.w.org\/{rel}","templated":true}]}}